{"id":301054,"date":"2025-08-06T19:10:20","date_gmt":"2025-08-06T19:10:20","guid":{"rendered":"https:\/\/www.europesays.com\/fr\/301054\/"},"modified":"2025-08-06T19:10:20","modified_gmt":"2025-08-06T19:10:20","slug":"apres-les-feux-de-lamour-deprogrammes-sur-la-une-voici-pourquoi-vous-ne-verrez-plus-cette-autre-serie-culte-sur-tf1","status":"publish","type":"post","link":"https:\/\/www.europesays.com\/fr\/301054\/","title":{"rendered":"Apr\u00e8s \u00ab\u00a0Les feux de l&rsquo;amour\u00a0\u00bb d\u00e9programm\u00e9s sur la Une, voici pourquoi vous ne verrez plus cette autre s\u00e9rie culte sur TF1"},"content":{"rendered":"<p><a href=\"https:\/\/www.dhnet.be\/medias\/television\/2025\/07\/07\/fin-dune-ere-le-feuilleton-les-feux-de-lamour-deprogramme-definitivement-de-la-une-apres-plus-de-35-ans-de-diffusion-KLG5XFTOUVFL5PHMUFVVFPO72Q\/\" target=\"_blank\" rel=\"noopener noreferrer nofollow\" class=\"ap-StoryInterstitialLink ap-StoryElement ap-StoryElement--mb js-paywall-target\">Fin d&rsquo;une \u00e8re: le feuilleton \u00ab\u00a0Les Feux de l&rsquo;amour\u00a0\u00bb d\u00e9programm\u00e9 d\u00e9finitivement de La Une apr\u00e8s 27 ans de diffusion<\/a>TF1+ seul salut pour les t\u00e9l\u00e9spectateurs belges<\/p>\n<p class=\"ap-StoryElement ap-StoryElement--mb ap-StoryText\">Pour les t\u00e9l\u00e9spectateurs de la premi\u00e8re cha\u00eene fran\u00e7aise, le changement n&rsquo;est pas une r\u00e9volution. <a href=\"https:\/\/www.dhnet.be\/medias\/television\/2022\/12\/13\/arret-damour-gloire-et-beaute-sur-france-2-le-feuilleton-americain-change-de-chaine-2BF7RAWXTJCPPNWZ3QFUMXOXFE\/\" target=\"_blank\" rel=\"nofollow noopener\">Amour, gloire et beaut\u00e9 n&rsquo;est apparu sur TF1 qu&rsquo;en janvier 2023<\/a>. Par contre, c&rsquo;est un s\u00e9isme pour les irr\u00e9ductibles du feuilleton qui le suivent depuis ses d\u00e9buts. Ce n&rsquo;\u00e9tait pas sur France 2 mais bien sur Antenne 2, en 1989. Il y a donc plus de 35 ans !<\/p>\n<p class=\"ap-StoryElement ap-StoryElement--mb ap-StoryText\">Comme pour Les feux de l&rsquo;amour, les fans d&rsquo;<a href=\"https:\/\/www.dhnet.be\/medias\/television\/2020\/05\/22\/amour-gloire-et-beaute-fetera-bien-ses-35-ans-5CNBPKRFH5EWTPQ25TIX4SNHMQ\/\" target=\"_blank\" rel=\"nofollow noopener\">Amour, gloire et beaut\u00e9<\/a> devront prochainement se tourner vers TF1 S\u00e9ries Films, une cha\u00eene de la galaxie TF1 disponible sur la TNT, la t\u00e9l\u00e9vision num\u00e9rique terrestre, pour continuer \u00e0 assouvir leur passion. Mais ce ne sera possible qu&rsquo;en France. Pour les t\u00e9l\u00e9spectateurs belges, il n&rsquo;y aura qu&rsquo;un salut: TF1+, la plateforme num\u00e9rique de TF1&#8230; payante.<\/p>\n<p>Bye bye le T\u00e9l\u00e9shopping&#8230;<\/p>\n<p class=\"ap-StoryElement ap-StoryElement--mb ap-StoryText\">Pourquoi la premi\u00e8re cha\u00eene fran\u00e7aise \u00e9carte-t-elle le programme de sa grille ? Pour faire de la place \u00e0 Bonjour, la matinale charg\u00e9e de concurrencer T\u00e9l\u00e9matin sur France 2. Anim\u00e9e par Bruce Toussaint, elle va b\u00e9n\u00e9ficier d&rsquo;un cr\u00e9neau horaire allong\u00e9. Elle commencera toujours \u00e0 6 h 55, mais au lieu de s&rsquo;achever \u00e0 9 h 35, elle prendra fin \u00e0 10h.<\/p>\n<p><a href=\"https:\/\/www.dhnet.be\/archives-journal\/2017\/06\/20\/sur-le-tournage-damour-gloire-et-beaute-Z6OKE56DXVHQHMVZ3OYCV3XGGI\/\" target=\"_blank\" rel=\"noopener noreferrer nofollow\" class=\"ap-StoryInterstitialLink ap-StoryElement ap-StoryElement--mb\">Sur le tournage d&rsquo;Amour, gloire et beaut\u00e9<\/a><\/p>\n<p class=\"ap-StoryElement ap-StoryElement--mb ap-StoryText\">Cons\u00e9quence de ce remaniement des programmes, le c\u00e9l\u00e8bre T\u00e9l\u00e9shopping voit \u00e9galement sa case de diffusion \u00eatre modifi\u00e9e. Jusqu&rsquo;ici propos\u00e9 de 9 h 35 \u00e0 10 h 30, il commencera \u00e0 10h pour s&rsquo;achever une heure plus tard. Une solution qui ne durera toutefois pas longtemps, <a href=\"https:\/\/www.dhnet.be\/medias\/television\/2025\/07\/10\/le-teleshopping-sarrete-definitivement-sur-tf1-voici-quand-lemission-de-tele-achat-fera-ses-adieux-aux-telespectateurs-AUOH7TZEUBBE7IO3YK23ZDOJNA\/\" target=\"_blank\" rel=\"nofollow noopener\">le T\u00e9l\u00e9shopping \u00e9tant vou\u00e9 \u00e0 dispara\u00eetre tr\u00e8s prochainement<\/a>. TF1 l&rsquo;a annonc\u00e9 le mois dernier : apr\u00e8s quasiment 40 ans de bons et loyaux services, l&rsquo;\u00e9mission anim\u00e9e par Marie-Ange Nardi et Alexandre Devoise baissera d\u00e9finitivement le rideau le 31 d\u00e9cembre prochain. La faute aux ventes et aux audiences qui ne cessent de baisser, avait pr\u00e9cis\u00e9 Thierry Thuillier, directeur g\u00e9n\u00e9ral adjoint du groupe TF1, au Parisien.<\/p>\n<p><a href=\"https:\/\/www.dhnet.be\/conso\/consommation\/2020\/02\/29\/lincroyable-longevite-du-teleshopping-il-resiste-meme-a-amazon-ALDM2UCCNBEUJJGOSJU4HWT644\/\" target=\"_blank\" rel=\"noopener noreferrer nofollow\" class=\"ap-StoryInterstitialLink ap-StoryElement ap-StoryElement--mb\">L&rsquo;incroyable long\u00e9vit\u00e9 du t\u00e9l\u00e9shopping : il r\u00e9siste m\u00eame \u00e0 Amazon !<\/a><\/p>\n","protected":false},"excerpt":{"rendered":"Fin d&rsquo;une \u00e8re: le feuilleton \u00ab\u00a0Les Feux de l&rsquo;amour\u00a0\u00bb d\u00e9programm\u00e9 d\u00e9finitivement de La Une apr\u00e8s 27 ans de&hellip;\n","protected":false},"author":2,"featured_media":301055,"comment_status":"","ping_status":"","sticky":false,"template":"","format":"standard","meta":{"footnotes":""},"categories":[1356],"tags":[58,59,849,2081,1011,27,1227,252,1364],"class_list":{"0":"post-301054","1":"post","2":"type-post","3":"status-publish","4":"format-standard","5":"has-post-thumbnail","7":"category-television","8":"tag-divertissement","9":"tag-entertainment","10":"tag-festival","11":"tag-film","12":"tag-fr","13":"tag-france","14":"tag-horizontal","15":"tag-television","16":"tag-tv"},"share_on_mastodon":{"url":"https:\/\/pubeurope.com\/@fr\/114983405100716046","error":""},"_links":{"self":[{"href":"https:\/\/www.europesays.com\/fr\/wp-json\/wp\/v2\/posts\/301054","targetHints":{"allow":["GET"]}}],"collection":[{"href":"https:\/\/www.europesays.com\/fr\/wp-json\/wp\/v2\/posts"}],"about":[{"href":"https:\/\/www.europesays.com\/fr\/wp-json\/wp\/v2\/types\/post"}],"author":[{"embeddable":true,"href":"https:\/\/www.europesays.com\/fr\/wp-json\/wp\/v2\/users\/2"}],"replies":[{"embeddable":true,"href":"https:\/\/www.europesays.com\/fr\/wp-json\/wp\/v2\/comments?post=301054"}],"version-history":[{"count":0,"href":"https:\/\/www.europesays.com\/fr\/wp-json\/wp\/v2\/posts\/301054\/revisions"}],"wp:featuredmedia":[{"embeddable":true,"href":"https:\/\/www.europesays.com\/fr\/wp-json\/wp\/v2\/media\/301055"}],"wp:attachment":[{"href":"https:\/\/www.europesays.com\/fr\/wp-json\/wp\/v2\/media?parent=301054"}],"wp:term":[{"taxonomy":"category","embeddable":true,"href":"https:\/\/www.europesays.com\/fr\/wp-json\/wp\/v2\/categories?post=301054"},{"taxonomy":"post_tag","embeddable":true,"href":"https:\/\/www.europesays.com\/fr\/wp-json\/wp\/v2\/tags?post=301054"}],"curies":[{"name":"wp","href":"https:\/\/api.w.org\/{rel}","templated":true}]}}