{"id":301056,"date":"2025-08-06T19:11:13","date_gmt":"2025-08-06T19:11:13","guid":{"rendered":"https:\/\/www.europesays.com\/fr\/301056\/"},"modified":"2025-08-06T19:11:13","modified_gmt":"2025-08-06T19:11:13","slug":"une-tres-belle-soiree-le-concert-de-thomas-dutronc-sur-la-scene-flottante-dagde-na-fait-que-des-heureux","status":"publish","type":"post","link":"https:\/\/www.europesays.com\/fr\/301056\/","title":{"rendered":"\u00ab\u00a0Une tr\u00e8s belle soir\u00e9e\u00a0\u00bb\u00a0: le concert de Thomas Dutronc sur la Sc\u00e8ne Flottante d\u2019Agde n\u2019a fait que des heureux"},"content":{"rendered":"<p>\n                                                                Thomas Dutronc s\u2019est produit sur la Sc\u00e8ne Flottante dans la soir\u00e9e du mardi 5\u00a0ao\u00fbt. Un moment rythm\u00e9 et agr\u00e9able, riche en \u00e9motions pour le public.\n                            <\/p>\n<p>Ce fut une tr\u00e8s belle soir\u00e9e mardi 5\u00a0ao\u00fbt 2025 avec Thomas Dutronc pour la troisi\u00e8me et avant derni\u00e8re sc\u00e8ne flottante de l\u2019ann\u00e9e. C\u2019est toujours un moment particulier de voir se produire les artistes sur ce lieu exceptionnel\u00a0au c\u0153ur d\u2019Agde et au milieu du fleuve H\u00e9rault.<\/p>\n<p>Tout au long de la soir\u00e9e, le chanteur et ses musiciens ont offert un concert color\u00e9 et rythm\u00e9 sur l\u2019eau, et ont propos\u00e9 une diversit\u00e9 musicale impressionnante\u00a0: jazz Manouche, swing, rock\u2019n\u2019roll et pop \u00e9taient au programme.<\/p>\n<p>Parmi les nombreux spectateurs pr\u00e9sents Alain, vacancier, appr\u00e9cie ce moment. \u201cC\u2019est une tr\u00e8s belle soir\u00e9e que je qualifierais d\u2019intimiste avec Thomas Dutronc et un groupe de sept\u00a0musiciens talentueux\u00a0\u00bb, explique-t-il.<\/p>\n<p>Il y a eu des moments forts comme la reprise d\u2019une chanson de sa m\u00e8re, Fran\u00e7oise Hardy, et bien \u00e9videmment aussi une de son p\u00e8re, Jacques Dutronc.<\/p>\n<p>Un autre moment, plus r\u00e9gional, fut celui de la d\u00e9gustation sur sc\u00e8ne d\u2019un vin rouge des caves Richemer de Marseillan, rappelant l\u2019esprit de la Guinguette Manouche avec le calicot en fond de sc\u00e8ne.<\/p>\n<p>Une premi\u00e8re partie de concert remarqu\u00e9e<\/p>\n<p>Justine autrice-compositrice-interpr\u00e8te, native\u00a0de Perpignan, a assur\u00e9 la premi\u00e8re partie du concert.\u00a0La jeune fille, multi-instrumentiste, r\u00eavait de se produire un jour sur la Sc\u00e8ne Flottante, qu\u2019elle conna\u00eet bien.<\/p>\n<p>\u201cJ\u2019avais fait la premi\u00e8re partie de V\u00e9ronique Sanson lors d\u2019un concert \u00e0 Perpignan, un tr\u00e8s bon contact s\u2019est instaur\u00e9 entre nous deux.\u00a0V\u00e9ronique m\u2019a invit\u00e9e \u00e0 venir la voir sur cette sc\u00e8ne flottante et secr\u00e8tement, j\u2019esp\u00e9rais un jour pouvoir \u00e0 mon tour chanter ici. Ce soir, c\u2019est chose faite, j\u2019ai appr\u00e9ci\u00e9 le public, l\u2019environnement et l\u2019accueil\u00a0\u00bb, raconte Justine apr\u00e8s avoir chant\u00e9.<\/p>\n<p>Le prochain rendez-vous sur la Sc\u00e8ne Flottante aura lieu vendredi 8\u00a0ao\u00fbt, avec un concert de Dave Stewart, et en premi\u00e8re\u00a0partie Est\u00e9ban Pelegrin.<\/p>\n<p>Didier Bouriau, 06\u00a080\u00a028\u00a029\u00a054.<\/p>\n","protected":false},"excerpt":{"rendered":"Thomas Dutronc s\u2019est produit sur la Sc\u00e8ne Flottante dans la soir\u00e9e du mardi 5\u00a0ao\u00fbt. Un moment rythm\u00e9 et&hellip;\n","protected":false},"author":2,"featured_media":301057,"comment_status":"","ping_status":"","sticky":false,"template":"","format":"standard","meta":{"footnotes":""},"categories":[1355],"tags":[58,59,1011,27,1361,873],"class_list":{"0":"post-301056","1":"post","2":"type-post","3":"status-publish","4":"format-standard","5":"has-post-thumbnail","7":"category-musique","8":"tag-divertissement","9":"tag-entertainment","10":"tag-fr","11":"tag-france","12":"tag-music","13":"tag-musique"},"share_on_mastodon":{"url":"https:\/\/pubeurope.com\/@fr\/114983409101872056","error":""},"_links":{"self":[{"href":"https:\/\/www.europesays.com\/fr\/wp-json\/wp\/v2\/posts\/301056","targetHints":{"allow":["GET"]}}],"collection":[{"href":"https:\/\/www.europesays.com\/fr\/wp-json\/wp\/v2\/posts"}],"about":[{"href":"https:\/\/www.europesays.com\/fr\/wp-json\/wp\/v2\/types\/post"}],"author":[{"embeddable":true,"href":"https:\/\/www.europesays.com\/fr\/wp-json\/wp\/v2\/users\/2"}],"replies":[{"embeddable":true,"href":"https:\/\/www.europesays.com\/fr\/wp-json\/wp\/v2\/comments?post=301056"}],"version-history":[{"count":0,"href":"https:\/\/www.europesays.com\/fr\/wp-json\/wp\/v2\/posts\/301056\/revisions"}],"wp:featuredmedia":[{"embeddable":true,"href":"https:\/\/www.europesays.com\/fr\/wp-json\/wp\/v2\/media\/301057"}],"wp:attachment":[{"href":"https:\/\/www.europesays.com\/fr\/wp-json\/wp\/v2\/media?parent=301056"}],"wp:term":[{"taxonomy":"category","embeddable":true,"href":"https:\/\/www.europesays.com\/fr\/wp-json\/wp\/v2\/categories?post=301056"},{"taxonomy":"post_tag","embeddable":true,"href":"https:\/\/www.europesays.com\/fr\/wp-json\/wp\/v2\/tags?post=301056"}],"curies":[{"name":"wp","href":"https:\/\/api.w.org\/{rel}","templated":true}]}}