{"id":301060,"date":"2025-08-06T19:13:11","date_gmt":"2025-08-06T19:13:11","guid":{"rendered":"https:\/\/www.europesays.com\/fr\/301060\/"},"modified":"2025-08-06T19:13:11","modified_gmt":"2025-08-06T19:13:11","slug":"ces-3-activites-physiques-qui-peuvent-aider-en-cas-dinsomnie-selon-des-scientifiques","status":"publish","type":"post","link":"https:\/\/www.europesays.com\/fr\/301060\/","title":{"rendered":"Ces 3 activit\u00e9s physiques qui peuvent aider en cas d\u2019insomnie, selon des scientifiques"},"content":{"rendered":"<p>De r\u00e9cents travaux de chercheurs chinois identifient les disciplines les plus efficaces pour faciliter l\u2019endormissement et augmenter la dur\u00e9e du sommeil.<\/p>\n<p class=\"fig-paragraph\">Pour certains, s\u2019endormir ou faire une nuit sans r\u00e9veil rel\u00e8ve du d\u00e9fi. C\u2019est le quotidien des insomniaques. Quand elle n\u2019est pas prise en charge, l\u2019<a href=\"https:\/\/madame.lefigaro.fr\/tag\/insomnie\" target=\"_blank\" data-fig-type=\"Keyword\" rel=\"noopener nofollow\" data-gtm-custom-categorie=\"navigation\" data-gtm-custom-action=\"crossclick\" data-gtm-custom-label=\"Contextuel\" data-gtm-event=\"customEventSPE\" data-fig-domain=\"MADAME\">insomnie<\/a>\u00a0devient un v\u00e9ritable cercle vicieux qui compromet la sant\u00e9 physique et mentale du mauvais dormeur. Pour y rem\u00e9dier, certains pratiquent du sport en fin de journ\u00e9e, pour fatiguer leur corps et surtout surfer sur la vague des endorphines produites, qui sont apaisantes. Faut-il privil\u00e9gier une activit\u00e9 physique \u00e0 une autre\u00a0? Il se pourrait que oui, selon une\u00a0<a href=\"https:\/\/ebm.bmj.com\/content\/ebmed\/early\/2025\/07\/09\/bmjebm-2024-113512.full.pdf\" target=\"_blank\" rel=\"sponsored noopener nofollow\" data-gtm-custom-categorie=\"navigation\" data-gtm-custom-action=\"crossclick\" data-gtm-custom-label=\"Contextuel\" data-gtm-event=\"customEventSPE\">\u00e9tude<\/a>\u00a0publi\u00e9e le 15 juillet dans le British Medical Journal. Un groupe de chercheurs chinois a ainsi identifi\u00e9 trois activit\u00e9s qui facilitent l\u2019endormissement et allongent le temps de sommeil.<\/p>\n<p>R\u00e9duction du risque de r\u00e9veils nocturnes<\/p>\n<p class=\"fig-paragraph\">Pendant quatre \u00e0 26 semaines, 13 approches th\u00e9rapeutiques pour soulager l\u2019insomnie dont 7 \u00e9taient bas\u00e9es sur l\u2019activit\u00e9 physique (la musculation, le tai-chi, le jogging ou encore l\u2019a\u00e9robic), ont \u00e9t\u00e9 test\u00e9es sur des patients diagnostiqu\u00e9s insomniaques ou pr\u00e9sentant des sympt\u00f4mes d\u2019insomnie. Apr\u00e8s avoir pass\u00e9 en revue les r\u00e9sultats de 22 essais cliniques randomis\u00e9s sur plus de mille participants (1), les chercheurs ont cherch\u00e9 \u00e0 d\u00e9terminer les exercices les plus efficaces sur les difficult\u00e9s d\u2019endormissement et les r\u00e9veils nocturnes.<\/p>\n<p class=\"fig-body-link&#10;    \">\n            \u00c0 lire aussi<br \/>\n        <a class=\"fig-body-link__link fig-premium-mark\" href=\"http:\/\/madame.lefigaro.fr\/bien-etre\/forme-detente\/sommeil-les-11-regles-d-or-pour-enfin-bien-dormir-20240309\" data-fig-type=\"Article\" data-gtm-custom-categorie=\"navigation\" data-gtm-custom-action=\"crossclick\" data-gtm-custom-label=\"Contextuel\" data-gtm-event=\"customEventSPE\" data-fig-domain=\"MADAME\" rel=\"nofollow noopener\" target=\"_blank\">Sommeil\u00a0: les 11 r\u00e8gles d\u2019or pour enfin bien dormir<\/a>\n<\/p>\n<p>                                    <a class=\"fig-a11y-skip a11y-hidden\" href=\"#fig-a11y-skip-main-inarticle\"><br \/>\n        Passer la publicit\u00e9<br \/>\n    <\/a><\/p>\n<p class=\"fig-paragraph\">Ainsi, le tai-chi, le yoga et la marche augmentent la\u00a0<a href=\"http:\/\/madame.lefigaro.fr\/bien-etre\/forme-detente\/voici-la-duree-ideale-de-sommeil-pour-proteger-votre-cerveau-des-40-ans-20220502\" data-fig-type=\"Article\" data-gtm-custom-categorie=\"navigation\" data-gtm-custom-action=\"crossclick\" data-gtm-custom-label=\"Contextuel\" data-gtm-event=\"customEventSPE\" data-fig-domain=\"MADAME\" rel=\"nofollow noopener\" target=\"_blank\">dur\u00e9e totale du sommeil<\/a>, raccourcissent le temps d\u2019endormissement et r\u00e9duisent les risques de r\u00e9veils nocturnes, ont constat\u00e9 les chercheurs. Plus pr\u00e9cis\u00e9ment, le yoga a eu les effets les plus significatifs contre l\u2019insomnie. \u00abIl augmente probablement consid\u00e9rablement la dur\u00e9e totale du sommeil de pr\u00e8s de deux heures, et peut am\u00e9liorer l\u2019efficacit\u00e9 du sommeil de pr\u00e8s de 15 %\u00bb, rapporte l\u2019\u00e9tude.<\/p>\n<p class=\"fig-paragraph\">Les autres sports doux ne doivent pas \u00eatre n\u00e9glig\u00e9s. Le tai-chi, par exemple, \u00abpeut \u00e9galement raccourcir la latence d\u2019endormissement d\u2019environ 25 minutes.\u00bb\u00a0<a href=\"https:\/\/madame.lefigaro.fr\/bien-etre\/marche-rapide-marche-nordique-marche-afghane-trois-activites-pour-se-muscler-100319-164183\" data-fig-type=\"Article\" data-gtm-custom-categorie=\"navigation\" data-gtm-custom-action=\"crossclick\" data-gtm-custom-label=\"Contextuel\" data-gtm-event=\"customEventSPE\" data-fig-domain=\"MADAME\" rel=\"nofollow noopener\" target=\"_blank\">La marche<\/a>\u00a0quant \u00e0 elle, r\u00e9duit la gravit\u00e9 de l\u2019insomnie \u00aben augmentant la d\u00e9pense \u00e9nerg\u00e9tique, limitant la production de cortisol, am\u00e9liorant la r\u00e9gulation \u00e9motionnelle et stimulant la s\u00e9cr\u00e9tion de la\u00a0<a href=\"https:\/\/madame.lefigaro.fr\/bien-etre\/sommeil-la-melatonine-pour-vaincre-les-insomnies-020217-129512\" data-fig-type=\"Article\" data-gtm-custom-categorie=\"navigation\" data-gtm-custom-action=\"crossclick\" data-gtm-custom-label=\"Contextuel\" data-gtm-event=\"customEventSPE\" data-fig-domain=\"MADAME\" rel=\"nofollow noopener\" target=\"_blank\">m\u00e9latonine, l\u2019hormone du sommeil<\/a>\u00bb.<\/p>\n<p class=\"fig-body-link&#10;    \">\n            \u00c0 lire aussi<br \/>\n        <a class=\"fig-body-link__link\" href=\"http:\/\/madame.lefigaro.fr\/bien-etre\/forme-detente\/ces-4-facteurs-insoupconnes-qui-peuvent-provoquer-une-insomnie-20240929\" target=\"_blank\" data-fig-type=\"Article\" rel=\"noopener nofollow\" data-gtm-custom-categorie=\"navigation\" data-gtm-custom-action=\"crossclick\" data-gtm-custom-label=\"Contextuel\" data-gtm-event=\"customEventSPE\" data-fig-domain=\"MADAME\">Ces 4 facteurs insoup\u00e7onn\u00e9s qui peuvent provoquer une insomnie<\/a>\n<\/p>\n<p>La relaxation\u00a0: cl\u00e9 d\u2019une nuit reposante<\/p>\n<p class=\"fig-paragraph\">Pourquoi ces\u00a0<a href=\"http:\/\/madame.lefigaro.fr\/bien-etre\/forme-detente\/routine-sportive-quel-est-le-rythme-hebdomadaire-ideal-pour-se-muscler-efficacement-20240209\" target=\"_blank\" data-fig-type=\"Article\" rel=\"noopener nofollow\" data-gtm-custom-categorie=\"navigation\" data-gtm-custom-action=\"crossclick\" data-gtm-custom-label=\"Contextuel\" data-gtm-event=\"customEventSPE\" data-fig-domain=\"MADAME\">activit\u00e9s physiques<\/a>\u00a0en particulier\u00a0? Car l\u2019insomnie peut trouver ses racines dans le stress, notamment. Et le yoga et le tai-chi, qui mobilisent le corps et l\u2019esprit, peuvent y rem\u00e9dier. \u00abEn mettant l\u2019accent sur la conscience corporelle, la respiration contr\u00f4l\u00e9e et l\u2019entra\u00eenement attentionnel, le yoga peut modifier l\u2019activit\u00e9 c\u00e9r\u00e9brale, att\u00e9nuant ainsi l\u2019anxi\u00e9t\u00e9 et les sympt\u00f4mes d\u00e9pressifs qui interf\u00e8rent souvent avec une bonne nuit de sommeil\u00bb, d\u00e9veloppent les chercheurs.<\/p>\n<p class=\"fig-paragraph\">Si les chercheurs soulignent des d\u00e9fauts m\u00e9thodologiques \u00e0 certains essais cliniques \u00e9tudi\u00e9s et invitent \u00e0 la prudence quant aux conclusions \u00e0 tirer, ils insistent\u00a0: \u00abLes r\u00e9sultats de cette \u00e9tude soulignent davantage le potentiel th\u00e9rapeutique des exercices dans le traitement de l\u2019insomnie, sugg\u00e9rant que leur r\u00f4le peut s\u2019\u00e9tendre au-del\u00e0 du soutien d\u2019appoint\u00bb. Les scientifiques appellent \u00e0 de nouveaux travaux pour explorer le potentiel de ces activit\u00e9s et aider les patients.<\/p>\n<p class=\"fig-paragraph\">(1) 1.348 participants \u00e0 l\u2019\u00e9tude.<\/p>\n","protected":false},"excerpt":{"rendered":"De r\u00e9cents travaux de chercheurs chinois identifient les disciplines les plus efficaces pour faciliter l\u2019endormissement et augmenter la&hellip;\n","protected":false},"author":2,"featured_media":301061,"comment_status":"","ping_status":"","sticky":false,"template":"","format":"standard","meta":{"footnotes":""},"categories":[10],"tags":[1011,27,72,4982,71,279,517],"class_list":{"0":"post-301060","1":"post","2":"type-post","3":"status-publish","4":"format-standard","5":"has-post-thumbnail","7":"category-sante","8":"tag-fr","9":"tag-france","10":"tag-health","11":"tag-insomnie","12":"tag-sante","13":"tag-sommeil","14":"tag-sport"},"share_on_mastodon":{"url":"https:\/\/pubeurope.com\/@fr\/114983416929748650","error":""},"_links":{"self":[{"href":"https:\/\/www.europesays.com\/fr\/wp-json\/wp\/v2\/posts\/301060","targetHints":{"allow":["GET"]}}],"collection":[{"href":"https:\/\/www.europesays.com\/fr\/wp-json\/wp\/v2\/posts"}],"about":[{"href":"https:\/\/www.europesays.com\/fr\/wp-json\/wp\/v2\/types\/post"}],"author":[{"embeddable":true,"href":"https:\/\/www.europesays.com\/fr\/wp-json\/wp\/v2\/users\/2"}],"replies":[{"embeddable":true,"href":"https:\/\/www.europesays.com\/fr\/wp-json\/wp\/v2\/comments?post=301060"}],"version-history":[{"count":0,"href":"https:\/\/www.europesays.com\/fr\/wp-json\/wp\/v2\/posts\/301060\/revisions"}],"wp:featuredmedia":[{"embeddable":true,"href":"https:\/\/www.europesays.com\/fr\/wp-json\/wp\/v2\/media\/301061"}],"wp:attachment":[{"href":"https:\/\/www.europesays.com\/fr\/wp-json\/wp\/v2\/media?parent=301060"}],"wp:term":[{"taxonomy":"category","embeddable":true,"href":"https:\/\/www.europesays.com\/fr\/wp-json\/wp\/v2\/categories?post=301060"},{"taxonomy":"post_tag","embeddable":true,"href":"https:\/\/www.europesays.com\/fr\/wp-json\/wp\/v2\/tags?post=301060"}],"curies":[{"name":"wp","href":"https:\/\/api.w.org\/{rel}","templated":true}]}}