{"id":301076,"date":"2025-08-06T19:21:11","date_gmt":"2025-08-06T19:21:11","guid":{"rendered":"https:\/\/www.europesays.com\/fr\/301076\/"},"modified":"2025-08-06T19:21:11","modified_gmt":"2025-08-06T19:21:11","slug":"saint-etienne-un-supermarche-netto-ouvrira-en-octobre-dans-le-quartier-du-soleil","status":"publish","type":"post","link":"https:\/\/www.europesays.com\/fr\/301076\/","title":{"rendered":"Saint-\u00c9tienne. Un supermarch\u00e9 Netto ouvrira en octobre dans le quartier du Soleil"},"content":{"rendered":"<p>\u00ab\u00a0Le magasin ouvrira le mercredi 8\u00a0octobre. Ce n\u2019est absolument pas fait expr\u00e8s, mais c\u2019est le jour de notre anniversaire de mariage avec mon \u00e9pouse, Fran\u00e7oise\u00a0\u00bb, raconte Fabien Le Mouel dans un sourire.<\/p>\n<p>Ce Ch\u2019ti d\u2019origine, 48 ans, les bras recouverts de tatouages, est l\u2019exploitant du supermarch\u00e9 Netto qui ouvrira donc ses portes dans deux mois, au Soleil.<\/p>\n<p>Plus pr\u00e9cis\u00e9ment rue Tiblier-Verne (qui relie le boulevard Jules-Janin au boulevard Fauriat), au num\u00e9ro\u00a041, l\u00e0 o\u00f9 se trouvait autrefois l\u2019usine d\u2019outillage Unicum. Celle-ci&#8230;<\/p>\n","protected":false},"excerpt":{"rendered":"\u00ab\u00a0Le magasin ouvrira le mercredi 8\u00a0octobre. Ce n\u2019est absolument pas fait expr\u00e8s, mais c\u2019est le jour de notre&hellip;\n","protected":false},"author":2,"featured_media":301077,"comment_status":"","ping_status":"","sticky":false,"template":"","format":"standard","meta":{"footnotes":""},"categories":[9653],"tags":[1111,11,2430,4406,33,7539,1777,674,1011,27,12,25,4001,7538],"class_list":{"0":"post-301076","1":"post","2":"type-post","3":"status-publish","4":"format-standard","5":"has-post-thumbnail","7":"category-saint-etienne","8":"tag-actu","9":"tag-actualites","10":"tag-auvergne-rhone-alpes","11":"tag-commerce-et-services","12":"tag-economie","13":"tag-edition-loire-sud","14":"tag-eu","15":"tag-europe","16":"tag-fr","17":"tag-france","18":"tag-news","19":"tag-republique-francaise","20":"tag-saint-etienne","21":"tag-saint-etienne-ville"},"share_on_mastodon":{"url":"https:\/\/pubeurope.com\/@fr\/114983448390819660","error":""},"_links":{"self":[{"href":"https:\/\/www.europesays.com\/fr\/wp-json\/wp\/v2\/posts\/301076","targetHints":{"allow":["GET"]}}],"collection":[{"href":"https:\/\/www.europesays.com\/fr\/wp-json\/wp\/v2\/posts"}],"about":[{"href":"https:\/\/www.europesays.com\/fr\/wp-json\/wp\/v2\/types\/post"}],"author":[{"embeddable":true,"href":"https:\/\/www.europesays.com\/fr\/wp-json\/wp\/v2\/users\/2"}],"replies":[{"embeddable":true,"href":"https:\/\/www.europesays.com\/fr\/wp-json\/wp\/v2\/comments?post=301076"}],"version-history":[{"count":0,"href":"https:\/\/www.europesays.com\/fr\/wp-json\/wp\/v2\/posts\/301076\/revisions"}],"wp:featuredmedia":[{"embeddable":true,"href":"https:\/\/www.europesays.com\/fr\/wp-json\/wp\/v2\/media\/301077"}],"wp:attachment":[{"href":"https:\/\/www.europesays.com\/fr\/wp-json\/wp\/v2\/media?parent=301076"}],"wp:term":[{"taxonomy":"category","embeddable":true,"href":"https:\/\/www.europesays.com\/fr\/wp-json\/wp\/v2\/categories?post=301076"},{"taxonomy":"post_tag","embeddable":true,"href":"https:\/\/www.europesays.com\/fr\/wp-json\/wp\/v2\/tags?post=301076"}],"curies":[{"name":"wp","href":"https:\/\/api.w.org\/{rel}","templated":true}]}}