{"id":301084,"date":"2025-08-06T19:25:10","date_gmt":"2025-08-06T19:25:10","guid":{"rendered":"https:\/\/www.europesays.com\/fr\/301084\/"},"modified":"2025-08-06T19:25:10","modified_gmt":"2025-08-06T19:25:10","slug":"toulon-meteo-un-temps-largement-ensoleille-mercredi-autour-de-la-mediterranee","status":"publish","type":"post","link":"https:\/\/www.europesays.com\/fr\/301084\/","title":{"rendered":"TOULON : M\u00e9t\u00e9o &#8211; Un temps largement\u00a0ensoleill\u00e9 mercredi autour de la M\u00e9diterran\u00e9e"},"content":{"rendered":"<p><strong>Un temps largement\u00a0ensoleill\u00e9\u00a0nous attend ce mercredi autour de la M\u00e9diterran\u00e9e. <\/strong><\/p>\n<p>Quelques nuages viendront parfois fl\u00e2ner dans le ciel, sans cons\u00e9quence.<\/p>\n<p>Les temp\u00e9ratures seront de saison, comprises entre 13 et 20\u00b0 le matin, et jusqu\u2019\u00e0\u00a0<strong data-start=\"370\" data-end=\"377\">31\u00b0<\/strong>\u00a0l\u2019apr\u00e8s-midi.<\/p>\n<p>Il fera <strong data-start=\"402\" data-end=\"409\" data-is-only-node=\"\">27\u00b0<\/strong>\u00a0\u00e0\u00a0<strong data-start=\"412\" data-end=\"422\">Hy\u00e8res<\/strong>,\u00a0<strong data-start=\"424\" data-end=\"440\">Porquerolles<\/strong>,\u00a0<strong data-start=\"442\" data-end=\"464\">Bormes-les-Mimosas<\/strong>,\u00a0<strong data-start=\"466\" data-end=\"478\">La Londe<\/strong>\u00a0et\u00a0<strong data-start=\"482\" data-end=\"498\">Carqueiranne<\/strong>, tout comme \u00e0\u00a0<strong data-start=\"513\" data-end=\"523\">Toulon<\/strong>,\u00a0<strong data-start=\"525\" data-end=\"537\">La Seyne<\/strong>\u00a0et\u00a0<strong data-start=\"541\" data-end=\"559\">Saint-Mandrier<\/strong>.<br data-start=\"560\" data-end=\"563\"\/><strong data-start=\"563\" data-end=\"570\">28\u00b0<\/strong>\u00a0\u00e0\u00a0<strong data-start=\"573\" data-end=\"583\">Bandol<\/strong>,\u00a0<strong data-start=\"585\" data-end=\"597\">Le Brusc<\/strong>\u00a0et sur\u00a0<strong data-start=\"605\" data-end=\"619\">les Embiez<\/strong>,\u00a0<strong data-start=\"621\" data-end=\"628\">29\u00b0<\/strong>\u00a0\u00e0\u00a0<strong data-start=\"631\" data-end=\"644\">Marseille<\/strong>,\u00a0<strong data-start=\"646\" data-end=\"664\">Carry-le-Rouet<\/strong>\u00a0et\u00a0<strong data-start=\"668\" data-end=\"688\">Sausset-les-Pins<\/strong>.<\/p>\n<p>On attend <strong data-start=\"702\" data-end=\"709\">30\u00b0<\/strong>\u00a0\u00e0\u00a0<strong data-start=\"712\" data-end=\"723\">Aubagne<\/strong>\u00a0et\u00a0<strong data-start=\"727\" data-end=\"738\">Cabri\u00e8s<\/strong>, et jusqu\u2019\u00e0\u00a0<strong data-start=\"751\" data-end=\"758\">31\u00b0<\/strong>\u00a0\u00e0\u00a0<strong data-start=\"761\" data-end=\"768\">Aix<\/strong>,\u00a0<strong data-start=\"770\" data-end=\"777\">Apt<\/strong>\u00a0et\u00a0<strong data-start=\"781\" data-end=\"792\">Avignon<\/strong>.<\/p>\n<p>Enfin, <strong data-start=\"803\" data-end=\"810\">28\u00b0<\/strong>\u00a0\u00e0\u00a0<strong data-start=\"813\" data-end=\"824\">Barreme<\/strong>,\u00a0<strong data-start=\"826\" data-end=\"833\">29\u00b0<\/strong>\u00a0\u00e0\u00a0<strong data-start=\"836\" data-end=\"845\">Digne<\/strong>\u00a0et\u00a0<strong data-start=\"849\" data-end=\"861\">La Javie<\/strong>.<\/p>\n<p><strong>ComLaRadio\u00a0<\/strong><br \/><strong>Thierry CARI<\/strong><br \/><strong>Voix Off<\/strong><br \/><strong>Animateur \/ pr\u00e9sentateur<\/strong><br \/><strong><a href=\"https:\/\/presseagence.fr\/toulon-meteo-un-temps-largement-ensoleille-mercredi-autour-de-la-mediterranee\/mailto:Contact@thierrycari.com\" rel=\"nofollow noopener\" target=\"_blank\">Contact@thierrycari.com<\/a><\/strong><br \/><strong><a href=\"http:\/\/www.thierrycari.com\" rel=\"nofollow noopener\" target=\"_blank\">www.thierrycari.com<\/a><\/strong><\/p>\n","protected":false},"excerpt":{"rendered":"Un temps largement\u00a0ensoleill\u00e9\u00a0nous attend ce mercredi autour de la M\u00e9diterran\u00e9e. Quelques nuages viendront parfois fl\u00e2ner dans le ciel,&hellip;\n","protected":false},"author":2,"featured_media":281878,"comment_status":"","ping_status":"","sticky":false,"template":"","format":"standard","meta":{"footnotes":""},"categories":[9619],"tags":[1111,11,1777,674,1011,27,12,882,25,2310],"class_list":{"0":"post-301084","1":"post","2":"type-post","3":"status-publish","4":"format-standard","5":"has-post-thumbnail","7":"category-toulon","8":"tag-actu","9":"tag-actualites","10":"tag-eu","11":"tag-europe","12":"tag-fr","13":"tag-france","14":"tag-news","15":"tag-provence-alpes-cote-dazur","16":"tag-republique-francaise","17":"tag-toulon"},"share_on_mastodon":{"url":"https:\/\/pubeurope.com\/@fr\/114983464108789952","error":""},"_links":{"self":[{"href":"https:\/\/www.europesays.com\/fr\/wp-json\/wp\/v2\/posts\/301084","targetHints":{"allow":["GET"]}}],"collection":[{"href":"https:\/\/www.europesays.com\/fr\/wp-json\/wp\/v2\/posts"}],"about":[{"href":"https:\/\/www.europesays.com\/fr\/wp-json\/wp\/v2\/types\/post"}],"author":[{"embeddable":true,"href":"https:\/\/www.europesays.com\/fr\/wp-json\/wp\/v2\/users\/2"}],"replies":[{"embeddable":true,"href":"https:\/\/www.europesays.com\/fr\/wp-json\/wp\/v2\/comments?post=301084"}],"version-history":[{"count":0,"href":"https:\/\/www.europesays.com\/fr\/wp-json\/wp\/v2\/posts\/301084\/revisions"}],"wp:featuredmedia":[{"embeddable":true,"href":"https:\/\/www.europesays.com\/fr\/wp-json\/wp\/v2\/media\/281878"}],"wp:attachment":[{"href":"https:\/\/www.europesays.com\/fr\/wp-json\/wp\/v2\/media?parent=301084"}],"wp:term":[{"taxonomy":"category","embeddable":true,"href":"https:\/\/www.europesays.com\/fr\/wp-json\/wp\/v2\/categories?post=301084"},{"taxonomy":"post_tag","embeddable":true,"href":"https:\/\/www.europesays.com\/fr\/wp-json\/wp\/v2\/tags?post=301084"}],"curies":[{"name":"wp","href":"https:\/\/api.w.org\/{rel}","templated":true}]}}