{"id":301085,"date":"2025-08-06T19:26:10","date_gmt":"2025-08-06T19:26:10","guid":{"rendered":"https:\/\/www.europesays.com\/fr\/301085\/"},"modified":"2025-08-06T19:26:10","modified_gmt":"2025-08-06T19:26:10","slug":"toulon-jeudi-7-aout-deplacement-du-ministre-de-la-sante-et-de-lacces-aux-soins-a-toulon-et-saint-mandrier-sur-mer","status":"publish","type":"post","link":"https:\/\/www.europesays.com\/fr\/301085\/","title":{"rendered":"TOULON : Jeudi 7 ao\u00fbt, d\u00e9placement du ministre de la Sant\u00e9 et de l&rsquo;Acc\u00e8s aux soins \u00e0 Toulon et Saint-Mandrier-sur-Mer"},"content":{"rendered":"<p><strong>Yannick NEUDER, ministre charg\u00e9 de la Sant\u00e9 et de l\u2019Acc\u00e8s aux soins, se rendra dans le Var, jeudi 07 ao\u00fbt 2025.<\/strong><\/p>\n<p>Yannick Neuder, ministre charg\u00e9 de la Sant\u00e9 et de l\u2019Acc\u00e8s aux soins, se rendra dans le d\u00e9partement du Var, ce jeudi 07 ao\u00fbt, pour une s\u00e9quence sur la pr\u00e9vention des noyades lors de la saison estivale.<br \/>Le ministre se rendra tout d\u2019abord, \u00e0 l\u2019H\u00f4pital National d\u2019Instruction des Arm\u00e9es (HNIA) Sainte-Anne pour visiter le service de m\u00e9decine subaquatique et hyperbare.<br \/>Il terminera son d\u00e9placement \u00e0 la plage de la Coudouli\u00e8re \u00e0 Saint-Mandrier-sur-Mer pour \u00e9changer avec les sauveteurs en mer et une \u00e9quipe de sapeurs-pompiers du Var.<\/p>\n<p><strong>S\u00e9quence 1 : H\u00f4pital National d\u2019Instruction des Arm\u00e9es (HNIA) Sainte-Anne<\/strong><\/p>\n<p>09h55 Accueil r\u00e9publicain du ministre \u00e0 l\u2019H\u00f4pital National d\u2019Instruction des Arm\u00e9es (HNIA) Sainte-Anne<br \/>2 Bd Sainte-Anne \u00e0Toulon<br \/>10h Visite du service de m\u00e9decine subaquatique et hyperbare suivi d\u2019\u00e9changes avec les professionnels de sant\u00e9 pr\u00e9sents<br \/>\u00e0 l\u2019issue Micro tendu<\/p>\n<p><strong>S\u00e9quence 2 : Plage de la Coudouli\u00e8re \u2013 Saint-Mandrier-sur-Mer<\/strong><\/p>\n<p>11h20 Accueil r\u00e9publicain du ministre \u00e0 la plage de la Coudouli\u00e8re (chemin de la Coudouli\u00e8re) \u00e0 Saint-Mandrier-sur-Mer<br \/>11h25 Pr\u00e9sentation du dispositif de surveillance de la baignade sur la plage et \u00e9changes avec les sauveteurs et les sapeurs-pompiers<br \/>\u00e0 l\u2019issue Micro tendu.<\/p>\n","protected":false},"excerpt":{"rendered":"Yannick NEUDER, ministre charg\u00e9 de la Sant\u00e9 et de l\u2019Acc\u00e8s aux soins, se rendra dans le Var, jeudi&hellip;\n","protected":false},"author":2,"featured_media":92560,"comment_status":"","ping_status":"","sticky":false,"template":"","format":"standard","meta":{"footnotes":""},"categories":[9619],"tags":[1111,11,1777,674,1011,27,12,882,25,2310],"class_list":{"0":"post-301085","1":"post","2":"type-post","3":"status-publish","4":"format-standard","5":"has-post-thumbnail","7":"category-toulon","8":"tag-actu","9":"tag-actualites","10":"tag-eu","11":"tag-europe","12":"tag-fr","13":"tag-france","14":"tag-news","15":"tag-provence-alpes-cote-dazur","16":"tag-republique-francaise","17":"tag-toulon"},"share_on_mastodon":{"url":"https:\/\/pubeurope.com\/@fr\/114983468042049802","error":""},"_links":{"self":[{"href":"https:\/\/www.europesays.com\/fr\/wp-json\/wp\/v2\/posts\/301085","targetHints":{"allow":["GET"]}}],"collection":[{"href":"https:\/\/www.europesays.com\/fr\/wp-json\/wp\/v2\/posts"}],"about":[{"href":"https:\/\/www.europesays.com\/fr\/wp-json\/wp\/v2\/types\/post"}],"author":[{"embeddable":true,"href":"https:\/\/www.europesays.com\/fr\/wp-json\/wp\/v2\/users\/2"}],"replies":[{"embeddable":true,"href":"https:\/\/www.europesays.com\/fr\/wp-json\/wp\/v2\/comments?post=301085"}],"version-history":[{"count":0,"href":"https:\/\/www.europesays.com\/fr\/wp-json\/wp\/v2\/posts\/301085\/revisions"}],"wp:featuredmedia":[{"embeddable":true,"href":"https:\/\/www.europesays.com\/fr\/wp-json\/wp\/v2\/media\/92560"}],"wp:attachment":[{"href":"https:\/\/www.europesays.com\/fr\/wp-json\/wp\/v2\/media?parent=301085"}],"wp:term":[{"taxonomy":"category","embeddable":true,"href":"https:\/\/www.europesays.com\/fr\/wp-json\/wp\/v2\/categories?post=301085"},{"taxonomy":"post_tag","embeddable":true,"href":"https:\/\/www.europesays.com\/fr\/wp-json\/wp\/v2\/tags?post=301085"}],"curies":[{"name":"wp","href":"https:\/\/api.w.org\/{rel}","templated":true}]}}