{"id":301086,"date":"2025-08-06T19:27:10","date_gmt":"2025-08-06T19:27:10","guid":{"rendered":"https:\/\/www.europesays.com\/fr\/301086\/"},"modified":"2025-08-06T19:27:10","modified_gmt":"2025-08-06T19:27:10","slug":"qui-sont-ces-deux-talents-au-generique-de-la-nouvelle-saison-de-mercredi","status":"publish","type":"post","link":"https:\/\/www.europesays.com\/fr\/301086\/","title":{"rendered":"qui sont ces deux talents au g\u00e9n\u00e9rique de la nouvelle saison de \u00ab\u00a0Mercredi\u00a0\u00bb\u00a0?"},"content":{"rendered":"<p>            Par<br \/>\n        <strong><br \/>\n            <a href=\"https:\/\/actu.fr\/auteur\/manon-haddouche\" title=\"Consulter tous les articles de Manon Haddouche\" rel=\"nofollow noopener\" target=\"_blank\">Manon Haddouche<\/a><br \/>\n        <\/strong><\/p>\n<p>        Publi\u00e9 le<\/p>\n<p>            6 ao\u00fbt 2025 \u00e0 20h45<br \/>\n        ; mis \u00e0 jour le 6 ao\u00fbt 2025 \u00e0 20h48    <\/p>\n<p>Deux talents <strong>form\u00e9s \u00e0 Montpellier<\/strong> participent \u00e0 la <strong>saison 2 de Mercredi\u00a0 <\/strong>(ou Wednesday en version originale), s\u00e9rie tr\u00e8s suivie de <strong>Netflix<\/strong>. Une <strong>reconnaissance mondiale<\/strong> du savoir-faire fran\u00e7ais et ici, montpelli\u00e9rain, dans les effets visuels.<\/p>\n<p>Une s\u00e9rie culte, une contribution locale<\/p>\n<p class=\" wall-content\">La tr\u00e8s attendue saison 2 de Mercredi, sign\u00e9e Tim Burton, arrive en deux parties sur Netflix : la premi\u00e8re <strong>d\u00e8s ce mercredi 6 ao\u00fbt<\/strong> et la seconde, le mercredi 3 septembre. S\u00e9rie anglophone<strong> la plus regard\u00e9e de la plateforme<\/strong>, elle s\u2019annonce encore plus spectaculaire\u2026 gr\u00e2ce, notamment, au travail de <strong>deux anciens \u00e9l\u00e8ves<\/strong> de l\u2019\u00e9cole montpelli\u00e9raine <strong>Objectif 3D<\/strong>.<\/p>\n<p>Rachad Meya, l\u2019\u0153il du superviseur<\/p>\n<p class=\" wall-content\">Dipl\u00f4m\u00e9 de la promotion 2011, Rachad Meya s\u2019est impos\u00e9 comme un <strong>superviseur CG<\/strong> respect\u00e9 chez<strong> Rocket Science VFX \u00e0 Toronto<\/strong>. Son r\u00f4le dans la saison 2 ? Garantir la coh\u00e9rence visuelle du projet, coordonner les \u00e9quipes d\u2019artistes et assurer un rendu technique \u00e0 la hauteur de l\u2019univers singulier de Tim Burton. Un <strong>poste-cl\u00e9<\/strong> dans une production d\u2019une telle ampleur.<\/p>\n<p>Laurin Plan\u00e8s, la polyvalence cr\u00e9ative<\/p>\n<p class=\" wall-content\">Autre ancien d\u2019Objectif 3D, Laurin Plan\u00e8s incarne la nouvelle g\u00e9n\u00e9ration d\u2019<strong>artistes g\u00e9n\u00e9ralistes<\/strong>. Mod\u00e9lisation, FX, shading, lighting\u2026 il ma\u00eetrise toutes les \u00e9tapes de la cha\u00eene 3D. Sa capacit\u00e9 \u00e0 intervenir \u00e0 tous les niveaux a \u00e9t\u00e9 un atout majeur dans la dynamique de production de la s\u00e9rie.<\/p>\n<p>    <a href=\"https:\/\/www.google.com\/maps\/embed?pb=!1m18!1m12!1m3!1d2661.3179410299254!2d3.8613646758920037!3d43.651219171102085!2m3!1f0!2f0!3f0!3m2!1i1024!2i768!4f13.1!3m3!1m2!1s0x12b6a92af49b31c3%3A0x17a57eba730bff9f!2sObjectif%203D%20Montpellier%20-%20%C3%89cole%20de%20Cin%C3%A9ma%20Animation%20%26%20VFX%2C%20Jeux%20Vid%C3%A9o%2C%20Programmation!5e1!3m2!1sfr!2sfr!4v1754498510090!5m2!1sfr!2sfr\" title=\"Ouvrie le lien\" rel=\"nofollow noopener\" target=\"_blank\">Cliquez ici pour visualiser le contenu<\/a><\/p>\n<p>Vid\u00e9os : en ce moment sur ActuObjectif 3D, un tremplin vers l\u2019international<\/p>\n<p class=\" wall-content\">Bas\u00e9e \u00e0 Montpellier et fond\u00e9e en 1999, Objectif 3D forme chaque ann\u00e9e <strong>plus de 300 \u00e9tudiants<\/strong> aux m\u00e9tiers du cin\u00e9ma d\u2019animation 3D, des VFX et du jeu vid\u00e9o. Connue pour sa p\u00e9dagogie professionnalisante, l\u2019\u00e9cole confirme, une fois de plus, sa capacit\u00e9 \u00e0 former des profils op\u00e9rationnels <strong>qui s\u2019exportent dans les plus grands studios<\/strong> internationaux.<\/p>\n<p class=\" wall-content\">Leur participation \u00e0 la s\u00e9rie Mercredi incarne <strong>l\u2019excellence fran\u00e7aise<\/strong> dans les effets visuels. Du plateau irlandais, o\u00f9 la saison 2 a \u00e9t\u00e9 tourn\u00e9e entre mai et novembre 2024, jusqu\u2019\u00e0 l\u2019\u00e9cran mondial de Netflix, ces deux artistes d\u00e9montrent que les talents hexagonaux ont toute leur place <strong>dans les plus grandes productions<\/strong>.<\/p>\n<p><strong>&gt;<\/strong> Pour en savoir plus sur Objectif 3D, <a href=\"https:\/\/www.objectif3d.com\" rel=\"nofollow noopener\" target=\"_blank\">c\u2019est par ici<\/a>.\u00a0<\/p>\n<p class=\" wall-content\">Suivez toute l\u2019actualit\u00e9 de vos villes et m\u00e9dias favoris en vous inscrivant \u00e0 <a href=\"https:\/\/moncompte.actu.fr\" title=\"D\u00e9couvez Mon Actu\" rel=\"nofollow noopener\" data-trk=\"{&quot;cta&quot;:{&quot;action&quot;:&quot;https:\\\/\\\/moncompte.actu.fr&quot;,&quot;category&quot;:&quot;mon compte&quot;,&quot;from&quot;:&quot;article footer&quot;,&quot;name&quot;:&quot;Mon actu&quot;,&quot;type&quot;:&quot;cta&quot;}}\" target=\"_blank\">Mon Actu<\/a>.<\/p>\n","protected":false},"excerpt":{"rendered":"Par Manon Haddouche Publi\u00e9 le 6 ao\u00fbt 2025 \u00e0 20h45 ; mis \u00e0 jour le 6 ao\u00fbt 2025&hellip;\n","protected":false},"author":2,"featured_media":301087,"comment_status":"","ping_status":"","sticky":false,"template":"","format":"standard","meta":{"footnotes":""},"categories":[9599],"tags":[1111,11,650,1777,674,1011,27,1652,2208,127,12,2680,25,1314],"class_list":{"0":"post-301086","1":"post","2":"type-post","3":"status-publish","4":"format-standard","5":"has-post-thumbnail","7":"category-montpellier","8":"tag-actu","9":"tag-actualites","10":"tag-cinema","11":"tag-eu","12":"tag-europe","13":"tag-fr","14":"tag-france","15":"tag-loisirs-culture","16":"tag-montpellier","17":"tag-netflix","18":"tag-news","19":"tag-occitanie","20":"tag-republique-francaise","21":"tag-series"},"share_on_mastodon":{"url":"https:\/\/pubeurope.com\/@fr\/114983471967953102","error":""},"_links":{"self":[{"href":"https:\/\/www.europesays.com\/fr\/wp-json\/wp\/v2\/posts\/301086","targetHints":{"allow":["GET"]}}],"collection":[{"href":"https:\/\/www.europesays.com\/fr\/wp-json\/wp\/v2\/posts"}],"about":[{"href":"https:\/\/www.europesays.com\/fr\/wp-json\/wp\/v2\/types\/post"}],"author":[{"embeddable":true,"href":"https:\/\/www.europesays.com\/fr\/wp-json\/wp\/v2\/users\/2"}],"replies":[{"embeddable":true,"href":"https:\/\/www.europesays.com\/fr\/wp-json\/wp\/v2\/comments?post=301086"}],"version-history":[{"count":0,"href":"https:\/\/www.europesays.com\/fr\/wp-json\/wp\/v2\/posts\/301086\/revisions"}],"wp:featuredmedia":[{"embeddable":true,"href":"https:\/\/www.europesays.com\/fr\/wp-json\/wp\/v2\/media\/301087"}],"wp:attachment":[{"href":"https:\/\/www.europesays.com\/fr\/wp-json\/wp\/v2\/media?parent=301086"}],"wp:term":[{"taxonomy":"category","embeddable":true,"href":"https:\/\/www.europesays.com\/fr\/wp-json\/wp\/v2\/categories?post=301086"},{"taxonomy":"post_tag","embeddable":true,"href":"https:\/\/www.europesays.com\/fr\/wp-json\/wp\/v2\/tags?post=301086"}],"curies":[{"name":"wp","href":"https:\/\/api.w.org\/{rel}","templated":true}]}}