{"id":301090,"date":"2025-08-06T19:30:18","date_gmt":"2025-08-06T19:30:18","guid":{"rendered":"https:\/\/www.europesays.com\/fr\/301090\/"},"modified":"2025-08-06T19:30:18","modified_gmt":"2025-08-06T19:30:18","slug":"ce-magasin-mythique-de-la-rue-du-gros-horloge-va-fermer-mais-lhistoire-nest-pas-terminee","status":"publish","type":"post","link":"https:\/\/www.europesays.com\/fr\/301090\/","title":{"rendered":"Ce magasin mythique de la rue du Gros Horloge va fermer (mais l&rsquo;histoire n&rsquo;est pas termin\u00e9e)"},"content":{"rendered":"<p>            Par<br \/>\n        <strong><br \/>\n            <a href=\"https:\/\/actu.fr\/auteur\/julien-bouteiller\" title=\"Consulter tous les articles de Julien Bouteiller\" rel=\"nofollow noopener\" target=\"_blank\">Julien Bouteiller<\/a><br \/>\n        <\/strong><\/p>\n<p>        Publi\u00e9 le<\/p>\n<p>            15 mars 2025 \u00e0 10h02        <\/p>\n<p>Apr\u00e8s <a href=\"https:\/\/actu.fr\/normandie\/rouen_76540\/un-cafe-de-legende-aux-clients-prestigieux-a-rouen-le-metropole-ferme-ses-portes_62357994.html\" rel=\"nofollow noopener\" target=\"_blank\">la fermeture du M\u00e9tropole<\/a>, c\u2019est <strong>une autre institution de Rouen qui va baisser le rideau<\/strong> d\u2019ici quelques semaines. Un magasin qui fait partie du paysage de la <strong>rue du Gros Horloge<\/strong> depuis 1921. Toutefois, l\u2019histoire ne va pas s\u2019arr\u00eater l\u00e0\u2026<\/p>\n<p>Ce magasin mythique va fermer mais\u2026<\/p>\n<p class=\" wall-content\">En effet, la v\u00e9n\u00e9rable <strong>droguerie Deconihout<\/strong> va se mettre en liquidation et d\u00e9stockera durant deux mois, <strong>\u00ab\u00a0avec de grosses remises\u00a0\u00bb<\/strong>, apprend-on de J\u00e9r\u00f4me Deconihout, g\u00e9rant de l\u2019enseigne.\u00a0<\/p>\n<p class=\" wall-content\">C\u2019est une \u00ab\u00a0page qui se tourne\u00a0\u00bb, reconna\u00eet le commer\u00e7ant qui va ensuite profiter de sa retraite, puisque J\u00e9r\u00f4me est de la troisi\u00e8me g\u00e9n\u00e9ration de la famille D\u00e9conihout \u00e0 tenir cette boutique. Son a\u00efeul Jules avait repris la droguerie de son employeur <strong>en 1921<\/strong> et depuis, le magasin est rest\u00e9 parmi les ind\u00e9boulonnables de la rue du Gros Horloge.\u00a0<\/p>\n<p class=\" wall-content\">Mais attention, car l\u2019histoire de Deconihout ne va pas s\u2019arr\u00eater l\u00e0\u2026<\/p>\n<p>\u2026 le fils reprend le flambeau<br \/>\n    <img   decoding=\"async\" loading=\"lazy\" src=\"https:\/\/www.europesays.com\/fr\/wp-content\/uploads\/2025\/08\/deconihout-rouen-gros-horloge-fermeture-nouveau-magasin-2-960x640.jpg\" alt=\"Deconihout va rena\u00eetre au pied de la cath\u00e9drale de Rouen.\" width=\"960\" height=\"640\"\/><br \/>\n    Deconihout va rena\u00eetre au pied de la cath\u00e9drale de Rouen. (\u00a9JB\/76actu)<\/p>\n<p class=\" wall-content\">En effet, les observateurs auront remarqu\u00e9 que le nom de la famille \u00e9tait d\u00e9sormais appos\u00e9 sur la vitrine de <a href=\"https:\/\/actu.fr\/normandie\/rouen_76540\/cette-boutique-emblematique-du-centre-ville-de-rouen-ferme-apres-37-ans-avec-un-petit-pincement-au-coeur_61923799.html\" rel=\"nofollow noopener\" target=\"_blank\">l\u2019ancien magasin Rimini<\/a>, <strong>r\u00e9cemment ferm\u00e9 au pied de la cath\u00e9drale<\/strong>.\u00a0<\/p>\n<p class=\" wall-content\">Quentin, le fils a\u00een\u00e9 de J\u00e9r\u00f4me, va en effet voler de ses propres ailes<strong> avec sa propre droguerie<\/strong>. \u00ab\u00a0On repart de z\u00e9ro avec le m\u00eame nom\u00a0\u00bb, r\u00e9sume son p\u00e8re.\u00a0<\/p>\n<p class=\" wall-content\"><strong>On y retrouvera tous les produits embl\u00e9matiques<\/strong> de la droguerie originelle, v\u00e9ritable caverne d\u2019Ali Baba, mais aussi des produits de cuisine, de bricolage, des petits cadeaux, mais plus la d\u00e9co que l\u2019on trouvait \u00e0 l\u2019\u00e9tage du magasin du Gros Horloge.<\/p>\n<p class=\" wall-content\">Le magasin de 150m\u00b2 doit ouvrir <strong>d\u2019ici la fin du mois de mars 2025.<\/strong><\/p>\n<p>Suivez l\u2019actualit\u00e9 de Rouen <a href=\"https:\/\/www.whatsapp.com\/channel\/0029VaKfnf99hXF2ddApFB1D\" rel=\"nofollow noopener\" target=\"_blank\">sur notre cha\u00eene WhatsApp<\/a> et <a href=\"https:\/\/www.tiktok.com\/@76actu.fr?lang=fr\" rel=\"nofollow noopener\" target=\"_blank\">sur notre compte TikTok<\/a><\/p>\n<p class=\" wall-content\">Suivez toute l\u2019actualit\u00e9 de vos villes et m\u00e9dias favoris en vous inscrivant \u00e0 <a href=\"https:\/\/moncompte.actu.fr\" title=\"D\u00e9couvez Mon Actu\" rel=\"nofollow noopener\" data-trk=\"{&quot;cta&quot;:{&quot;action&quot;:&quot;https:\\\/\\\/moncompte.actu.fr&quot;,&quot;category&quot;:&quot;mon compte&quot;,&quot;from&quot;:&quot;article footer&quot;,&quot;name&quot;:&quot;Mon actu&quot;,&quot;type&quot;:&quot;cta&quot;}}\" target=\"_blank\">Mon Actu<\/a>.<\/p>\n<ul class=\"ac-article-tag wall-content\">\n<li><a href=\"https:\/\/actu.fr\/tag\/bon-plan-a-rouen\" data-trk=\"{&quot;cta&quot;:{&quot;action&quot;:&quot;Bon plan \\u00e0 Rouen&quot;,&quot;category&quot;:&quot;tag&quot;,&quot;from&quot;:&quot;article footer&quot;,&quot;name&quot;:&quot;Bon plan \\u00e0 Rouen&quot;,&quot;type&quot;:&quot;cta&quot;}}\" rel=\"nofollow noopener\" target=\"_blank\">#Bon plan \u00e0 Rouen<\/a><\/li>\n<li><a href=\"https:\/\/actu.fr\/tag\/nouveaux-commerces\" data-trk=\"{&quot;cta&quot;:{&quot;action&quot;:&quot;Nouveaux commerces&quot;,&quot;category&quot;:&quot;tag&quot;,&quot;from&quot;:&quot;article footer&quot;,&quot;name&quot;:&quot;Nouveaux commerces&quot;,&quot;type&quot;:&quot;cta&quot;}}\" rel=\"nofollow noopener\" target=\"_blank\">#Nouveaux commerces<\/a><\/li>\n<\/ul>\n<p>                    <script async src=\"\/\/www.tiktok.com\/embed.js\"><\/script><\/p>\n","protected":false},"excerpt":{"rendered":"Par Julien Bouteiller Publi\u00e9 le 15 mars 2025 \u00e0 10h02 Apr\u00e8s la fermeture du M\u00e9tropole, c\u2019est une autre&hellip;\n","protected":false},"author":2,"featured_media":301091,"comment_status":"","ping_status":"","sticky":false,"template":"","format":"standard","meta":{"footnotes":""},"categories":[9587],"tags":[1111,11,9086,1777,674,1011,27,1652,12,5161,3147,25,9590],"class_list":{"0":"post-301090","1":"post","2":"type-post","3":"status-publish","4":"format-standard","5":"has-post-thumbnail","7":"category-rouen","8":"tag-actu","9":"tag-actualites","10":"tag-bon-plan-a-rouen","11":"tag-eu","12":"tag-europe","13":"tag-fr","14":"tag-france","15":"tag-loisirs-culture","16":"tag-news","17":"tag-normandie","18":"tag-nouveaux-commerces","19":"tag-republique-francaise","20":"tag-rouen"},"share_on_mastodon":{"url":"https:\/\/pubeurope.com\/@fr\/114983483677582821","error":""},"_links":{"self":[{"href":"https:\/\/www.europesays.com\/fr\/wp-json\/wp\/v2\/posts\/301090","targetHints":{"allow":["GET"]}}],"collection":[{"href":"https:\/\/www.europesays.com\/fr\/wp-json\/wp\/v2\/posts"}],"about":[{"href":"https:\/\/www.europesays.com\/fr\/wp-json\/wp\/v2\/types\/post"}],"author":[{"embeddable":true,"href":"https:\/\/www.europesays.com\/fr\/wp-json\/wp\/v2\/users\/2"}],"replies":[{"embeddable":true,"href":"https:\/\/www.europesays.com\/fr\/wp-json\/wp\/v2\/comments?post=301090"}],"version-history":[{"count":0,"href":"https:\/\/www.europesays.com\/fr\/wp-json\/wp\/v2\/posts\/301090\/revisions"}],"wp:featuredmedia":[{"embeddable":true,"href":"https:\/\/www.europesays.com\/fr\/wp-json\/wp\/v2\/media\/301091"}],"wp:attachment":[{"href":"https:\/\/www.europesays.com\/fr\/wp-json\/wp\/v2\/media?parent=301090"}],"wp:term":[{"taxonomy":"category","embeddable":true,"href":"https:\/\/www.europesays.com\/fr\/wp-json\/wp\/v2\/categories?post=301090"},{"taxonomy":"post_tag","embeddable":true,"href":"https:\/\/www.europesays.com\/fr\/wp-json\/wp\/v2\/tags?post=301090"}],"curies":[{"name":"wp","href":"https:\/\/api.w.org\/{rel}","templated":true}]}}