{"id":301096,"date":"2025-08-06T19:36:26","date_gmt":"2025-08-06T19:36:26","guid":{"rendered":"https:\/\/www.europesays.com\/fr\/301096\/"},"modified":"2025-08-06T19:36:26","modified_gmt":"2025-08-06T19:36:26","slug":"carlos-andres-gomez-quitte-deja-rennes","status":"publish","type":"post","link":"https:\/\/www.europesays.com\/fr\/301096\/","title":{"rendered":"Carlos Andres Gomez quitte d\u00e9j\u00e0 Rennes"},"content":{"rendered":"<p>Arriv\u00e9 il y a un an \u00e0 <a href=\"https:\/\/www.footmercato.net\/club\/stade-rennais-fc\/\" rel=\"nofollow noopener\" target=\"_blank\">Rennes<\/a> en provenance du Real Salt Lake City, Carlos Andres Gomez (22 ans) n\u2019a pas vraiment convaincu. Disputant 19 matches, la plupart comme rempla\u00e7ant pour 3 buts marqu\u00e9s, l\u2019ailier colombien va quitter le club breton tr\u00e8s prochainement. <\/p>\n<p>            La suite apr\u00e8s cette publicit\u00e9<\/p>\n<p>Selon nos informations, celui qui avait alors co\u00fbt\u00e9 10 millions d\u2019euros au Stade Rennais est sur le point de rebondir du c\u00f4t\u00e9 du Br\u00e9sil. En effet, tout est boucl\u00e9 pour sa venue du c\u00f4t\u00e9 du club de <a href=\"https:\/\/www.footmercato.net\/club\/cr-vasco-da-gama\/\" rel=\"nofollow noopener\" target=\"_blank\">Vasco da Gama<\/a>. <\/p>\n<p>\n    Pub. le 06\/08\/2025 20:27<br \/>\n            &#8211; MAJ le 06\/08\/2025 20:52\n    <\/p>\n","protected":false},"excerpt":{"rendered":"Arriv\u00e9 il y a un an \u00e0 Rennes en provenance du Real Salt Lake City, Carlos Andres Gomez&hellip;\n","protected":false},"author":2,"featured_media":301097,"comment_status":"","ping_status":"","sticky":false,"template":"","format":"standard","meta":{"footnotes":""},"categories":[2821],"tags":[1111,11,829,1777,674,1011,27,12,584,25],"class_list":{"0":"post-301096","1":"post","2":"type-post","3":"status-publish","4":"format-standard","5":"has-post-thumbnail","7":"category-rennes","8":"tag-actu","9":"tag-actualites","10":"tag-bretagne","11":"tag-eu","12":"tag-europe","13":"tag-fr","14":"tag-france","15":"tag-news","16":"tag-rennes","17":"tag-republique-francaise"},"share_on_mastodon":{"url":"https:\/\/pubeurope.com\/@fr\/114983507290397303","error":""},"_links":{"self":[{"href":"https:\/\/www.europesays.com\/fr\/wp-json\/wp\/v2\/posts\/301096","targetHints":{"allow":["GET"]}}],"collection":[{"href":"https:\/\/www.europesays.com\/fr\/wp-json\/wp\/v2\/posts"}],"about":[{"href":"https:\/\/www.europesays.com\/fr\/wp-json\/wp\/v2\/types\/post"}],"author":[{"embeddable":true,"href":"https:\/\/www.europesays.com\/fr\/wp-json\/wp\/v2\/users\/2"}],"replies":[{"embeddable":true,"href":"https:\/\/www.europesays.com\/fr\/wp-json\/wp\/v2\/comments?post=301096"}],"version-history":[{"count":0,"href":"https:\/\/www.europesays.com\/fr\/wp-json\/wp\/v2\/posts\/301096\/revisions"}],"wp:featuredmedia":[{"embeddable":true,"href":"https:\/\/www.europesays.com\/fr\/wp-json\/wp\/v2\/media\/301097"}],"wp:attachment":[{"href":"https:\/\/www.europesays.com\/fr\/wp-json\/wp\/v2\/media?parent=301096"}],"wp:term":[{"taxonomy":"category","embeddable":true,"href":"https:\/\/www.europesays.com\/fr\/wp-json\/wp\/v2\/categories?post=301096"},{"taxonomy":"post_tag","embeddable":true,"href":"https:\/\/www.europesays.com\/fr\/wp-json\/wp\/v2\/tags?post=301096"}],"curies":[{"name":"wp","href":"https:\/\/api.w.org\/{rel}","templated":true}]}}