{"id":301098,"date":"2025-08-06T19:37:22","date_gmt":"2025-08-06T19:37:22","guid":{"rendered":"https:\/\/www.europesays.com\/fr\/301098\/"},"modified":"2025-08-06T19:37:22","modified_gmt":"2025-08-06T19:37:22","slug":"duppigheim-des-gens-du-voyage-sinstallent-sans-autorisation","status":"publish","type":"post","link":"https:\/\/www.europesays.com\/fr\/301098\/","title":{"rendered":"Duppigheim. Des gens du voyage s\u2019installent sans autorisation"},"content":{"rendered":"<p>Le mercredi 6\u00a0ao\u00fbt vers 11\u00a0h, une communaut\u00e9 de gens du voyage, compos\u00e9e d\u2019une centaine de caravanes, a investi sans autorisation le pr\u00e9 appartenant \u00e0 l\u2019exploitant Alexandre Muller le long de la route menant au lotissement des Platanes.<\/p>\n<p>Pour cadrer les choses, une convention sera sign\u00e9e ce jeudi 7\u00a0ao\u00fbt \u00e0 9\u00a0h \u00e0 la mairie de Duppigheim entre l\u2019exploitant, la commune, la pr\u00e9fecture et les repr\u00e9sentants de la communaut\u00e9. Les gens du voyage ont d\u2019ores et d\u00e9j\u00e0 annonc\u00e9 qu\u2019ils devraient rester trois semaines \u00e0 Duppigheim.<\/p>\n","protected":false},"excerpt":{"rendered":"Le mercredi 6\u00a0ao\u00fbt vers 11\u00a0h, une communaut\u00e9 de gens du voyage, compos\u00e9e d\u2019une centaine de caravanes, a investi&hellip;\n","protected":false},"author":2,"featured_media":301099,"comment_status":"","ping_status":"","sticky":false,"template":"","format":"standard","meta":{"footnotes":""},"categories":[2820],"tags":[1111,11,271,272,44110,24625,1777,674,274,107,1011,27,775,12,25,24624,104,640],"class_list":{"0":"post-301098","1":"post","2":"type-post","3":"status-publish","4":"format-standard","5":"has-post-thumbnail","7":"category-strasbourg","8":"tag-actu","9":"tag-actualites","10":"tag-crime","11":"tag-delit-et-contravention","12":"tag-duppigheim","13":"tag-edition-molsheim-obernai","14":"tag-eu","15":"tag-europe","16":"tag-faits-divers-justice","17":"tag-fil-info","18":"tag-fr","19":"tag-france","20":"tag-grand-est","21":"tag-news","22":"tag-republique-francaise","23":"tag-secteur-de-molsheim","24":"tag-societe","25":"tag-strasbourg"},"share_on_mastodon":{"url":"https:\/\/pubeurope.com\/@fr\/114983511260129014","error":""},"_links":{"self":[{"href":"https:\/\/www.europesays.com\/fr\/wp-json\/wp\/v2\/posts\/301098","targetHints":{"allow":["GET"]}}],"collection":[{"href":"https:\/\/www.europesays.com\/fr\/wp-json\/wp\/v2\/posts"}],"about":[{"href":"https:\/\/www.europesays.com\/fr\/wp-json\/wp\/v2\/types\/post"}],"author":[{"embeddable":true,"href":"https:\/\/www.europesays.com\/fr\/wp-json\/wp\/v2\/users\/2"}],"replies":[{"embeddable":true,"href":"https:\/\/www.europesays.com\/fr\/wp-json\/wp\/v2\/comments?post=301098"}],"version-history":[{"count":0,"href":"https:\/\/www.europesays.com\/fr\/wp-json\/wp\/v2\/posts\/301098\/revisions"}],"wp:featuredmedia":[{"embeddable":true,"href":"https:\/\/www.europesays.com\/fr\/wp-json\/wp\/v2\/media\/301099"}],"wp:attachment":[{"href":"https:\/\/www.europesays.com\/fr\/wp-json\/wp\/v2\/media?parent=301098"}],"wp:term":[{"taxonomy":"category","embeddable":true,"href":"https:\/\/www.europesays.com\/fr\/wp-json\/wp\/v2\/categories?post=301098"},{"taxonomy":"post_tag","embeddable":true,"href":"https:\/\/www.europesays.com\/fr\/wp-json\/wp\/v2\/tags?post=301098"}],"curies":[{"name":"wp","href":"https:\/\/api.w.org\/{rel}","templated":true}]}}