{"id":3011,"date":"2025-04-04T16:13:12","date_gmt":"2025-04-04T16:13:12","guid":{"rendered":"https:\/\/www.europesays.com\/fr\/3011\/"},"modified":"2025-04-04T16:13:12","modified_gmt":"2025-04-04T16:13:12","slug":"decouvrez-les-sept-projets-du-club-de-golf-de-dieppe-pour-2025","status":"publish","type":"post","link":"https:\/\/www.europesays.com\/fr\/3011\/","title":{"rendered":"D\u00e9couvrez les sept projets du club de golf de Dieppe pour 2025"},"content":{"rendered":"<p>            Par<br \/>\n        <strong><br \/>\n            <a href=\"https:\/\/actu.fr\/auteur\/maxime-cartier1\" title=\"Consulter tous les articles de Maxime Cartier\" rel=\"nofollow noopener\" target=\"_blank\">Maxime Cartier<\/a><br \/>\n        <\/strong><\/p>\n<p>        Publi\u00e9 le<\/p>\n<p>            30 mars 2025 \u00e0 9h32        <\/p>\n<p>Le saviez-vous ? Le <b>golf de Dieppe-Pourville<\/b> est le plus ancien club de Normandie et le septi\u00e8me qui a vu le jour en France, en 1897. Et 127 ans plus tard, il est toujours l\u00e0, \u00e0 <a href=\"https:\/\/actu.fr\/normandie\/dieppe_76217\" rel=\"nofollow noopener\" target=\"_blank\">Dieppe (Seine-Maritime)<\/a>, avec 700 licenci\u00e9s et 431 membres.<\/p>\n<p class=\" wall-content\">Depuis deux ans et demi, Christophe Romefort a repris les r\u00eanes du club comme pr\u00e9sident. Son mandat court jusqu\u2019en 2027. Il a pour ambition de rembourser la dette du club, d\u2019orienter la structure vers l\u2019avenir, de d\u00e9velopper l\u2019\u00e9cole de golf\u2026<\/p>\n<p class=\" wall-content\">Ce qu\u2019il souhaite : ouvrir le club \u00e0 un maximum de personnes et que ce sport soit accessible \u00ab financi\u00e8rement comme socialement \u00bb, indique-t-il.<\/p>\n<p class=\" wall-content\">Pour l\u2019ann\u00e9e 2025, lui et les autres membres de l\u2019association ont identifi\u00e9 sept projets. Les voici.<\/p>\n<p>Am\u00e9nager une zone d\u2019entra\u00eenement<\/p>\n<p class=\" wall-content\">Depuis des ann\u00e9es, le club dispose d\u2019une zone d\u2019entra\u00eenement. Mais comme le rappelle Christophe Romefort, l\u2019espace a \u00e9t\u00e9 particuli\u00e8rement d\u00e9laiss\u00e9. Alors cette ann\u00e9e, il est envisag\u00e9 de le faire revivre.<\/p>\n<p>Vid\u00e9os : en ce moment sur Actu<\/p>\n<p class=\" wall-content\">Des am\u00e9nagements vont \u00eatre effectu\u00e9s, depuis le d\u00e9part du parcours et au niveau du green, la surface engazonn\u00e9e o\u00f9 se trouvent les trous. Cette zone d\u2019entra\u00eenement sera utilis\u00e9e par les enfants et d\u00e9butants.<\/p>\n<p class=\" wall-content\">\u00ab On ne veut pas que les enfants ne soient qu\u2019au practice (NDLR la zone o\u00f9 les golfeurs s\u2019entra\u00eenent \u00e0 taper dans la balle) \u00bb, souligne le pr\u00e9sident.<\/p>\n<p>Identifier les blockhaus<\/p>\n<p class=\" wall-content\">Le golf se situe \u00e0 proximit\u00e9 de la falaise. Sur ces quelque 48\u00a0ha, de nombreux blockhaus sont sortis de terre lors de la Seconde Guerre mondiale.<\/p>\n<p class=\" wall-content\">Des visites guid\u00e9es sont organis\u00e9es pour en conna\u00eetre leur histoire. Toutefois, le club souhaite identifier les blockhaus enterr\u00e9s sur le terrain.<\/p>\n<p>\u00catre reconnu sur le th\u00e8me de la biodiversit\u00e9<\/p>\n<p class=\" wall-content\">Cette ann\u00e9e, le club a pour ambition d\u2019obtenir un label argent en mati\u00e8re de biodiversit\u00e9. C\u2019est une distinction qui valorise le travail d\u2019un club. Il s\u2019appuie sur un triptyque : \u00ab Je connais, j\u2019agis, je sensibilise \u00bb.<\/p>\n<p class=\" wall-content\">Le label a pour objectif une meilleure prise de conscience par les golfeurs de la biodiversit\u00e9 du lieu o\u00f9 ils jouent et des actions men\u00e9es pour la pr\u00e9server.<\/p>\n<p class=\" wall-content\">La structure dieppoise va compter sur l\u2019aide de la LPO, la Ligue de protection des oiseaux, pour obtenir cet \u00e9chelon argent.<\/p>\n<p>Am\u00e9liorer les conditions de travail des jardiniers<\/p>\n<p class=\" wall-content\">Le golf emploie cinq jardiniers. Afin d\u2019am\u00e9liorer leurs conditions de travail, une plateforme va \u00eatre construite. Les travaux devraient d\u00e9marrer en avril pour une finalisation d\u2019ici octobre.<\/p>\n<p>Consommer moins d\u2019eau<\/p>\n<p class=\" wall-content\">En moyenne, un club de golf consomme \u00e0 l\u2019ann\u00e9e 50 000\u00a0m3 d\u2019eau. Celui de Dieppe en consomme dix fois moins. Toutefois, lors d\u2019\u00e9pisodes pluvieux, l\u2019eau stagne \u00e0 certains endroits du terrain.<\/p>\n<p class=\" wall-content\">Ainsi, il est envisag\u00e9 de drainer l\u2019eau et d\u2019am\u00e9nager une zone technique pour moins consommer d\u2019eau. Le syndicat des bassins-versants va apporter son aide.<\/p>\n<p>Des toilettes sur le parcours<\/p>\n<p class=\" wall-content\">Celui-ci n\u2019est plus vraiment un projet puisque depuis quelques jours, des toilettes ont \u00e9t\u00e9 r\u00e9alis\u00e9es. Pr\u00e8s de 130\u00a0ans apr\u00e8s la cr\u00e9ation du club, les dames vont enfin pouvoir se soulager au milieu du parcours.<\/p>\n<p>Donner envie au public ext\u00e9rieur de revenir<\/p>\n<p class=\" wall-content\">En 2024, plus de 6 000\u00a0personnes venant de l\u2019ext\u00e9rieur sont venues faire du golf. Pour cro\u00eetre ce chiffre, une webcam va \u00eatre install\u00e9e sur le toit du club-house.<\/p>\n<p class=\" wall-content\">Cette derni\u00e8re va permettre aux personnes ext\u00e9rieures de voir quelle m\u00e9t\u00e9o il fait \u00e0 Dieppe afin de venir s\u2019exercer. L\u2019installation est pr\u00e9vue d\u2019ici fin avril.<\/p>\n<p class=\" wall-content\">Suivez toute l\u2019actualit\u00e9 de vos villes et m\u00e9dias favoris en vous inscrivant \u00e0 <a href=\"https:\/\/moncompte.actu.fr\" title=\"D\u00e9couvez Mon Actu\" rel=\"nofollow noopener\" data-trk=\"{&quot;cta&quot;:{&quot;action&quot;:&quot;https:\\\/\\\/moncompte.actu.fr&quot;,&quot;category&quot;:&quot;mon compte&quot;,&quot;from&quot;:&quot;article footer&quot;,&quot;name&quot;:&quot;Mon actu&quot;,&quot;type&quot;:&quot;cta&quot;}}\" target=\"_blank\">Mon Actu<\/a>.<\/p>\n","protected":false},"excerpt":{"rendered":"Par Maxime Cartier Publi\u00e9 le 30 mars 2025 \u00e0 9h32 Le saviez-vous ? Le golf de Dieppe-Pourville est&hellip;\n","protected":false},"author":2,"featured_media":3012,"comment_status":"","ping_status":"","sticky":false,"template":"","format":"standard","meta":{"footnotes":""},"categories":[1418],"tags":[1063,2168,1011,27,1472,104,60,2169],"class_list":{"0":"post-3011","1":"post","2":"type-post","3":"status-publish","4":"format-standard","5":"has-post-thumbnail","7":"category-golf","8":"tag-animations","9":"tag-dieppe-maritime","10":"tag-fr","11":"tag-france","12":"tag-golf","13":"tag-societe","14":"tag-sports","15":"tag-week-end-a-dieppe"},"share_on_mastodon":{"url":"https:\/\/pubeurope.com\/@fr\/114280582527357690","error":""},"_links":{"self":[{"href":"https:\/\/www.europesays.com\/fr\/wp-json\/wp\/v2\/posts\/3011","targetHints":{"allow":["GET"]}}],"collection":[{"href":"https:\/\/www.europesays.com\/fr\/wp-json\/wp\/v2\/posts"}],"about":[{"href":"https:\/\/www.europesays.com\/fr\/wp-json\/wp\/v2\/types\/post"}],"author":[{"embeddable":true,"href":"https:\/\/www.europesays.com\/fr\/wp-json\/wp\/v2\/users\/2"}],"replies":[{"embeddable":true,"href":"https:\/\/www.europesays.com\/fr\/wp-json\/wp\/v2\/comments?post=3011"}],"version-history":[{"count":0,"href":"https:\/\/www.europesays.com\/fr\/wp-json\/wp\/v2\/posts\/3011\/revisions"}],"wp:featuredmedia":[{"embeddable":true,"href":"https:\/\/www.europesays.com\/fr\/wp-json\/wp\/v2\/media\/3012"}],"wp:attachment":[{"href":"https:\/\/www.europesays.com\/fr\/wp-json\/wp\/v2\/media?parent=3011"}],"wp:term":[{"taxonomy":"category","embeddable":true,"href":"https:\/\/www.europesays.com\/fr\/wp-json\/wp\/v2\/categories?post=3011"},{"taxonomy":"post_tag","embeddable":true,"href":"https:\/\/www.europesays.com\/fr\/wp-json\/wp\/v2\/tags?post=3011"}],"curies":[{"name":"wp","href":"https:\/\/api.w.org\/{rel}","templated":true}]}}