{"id":301102,"date":"2025-08-06T19:39:12","date_gmt":"2025-08-06T19:39:12","guid":{"rendered":"https:\/\/www.europesays.com\/fr\/301102\/"},"modified":"2025-08-06T19:39:12","modified_gmt":"2025-08-06T19:39:12","slug":"decouvrez-les-trois-nouvelles-enseignes-qui-sinstallent-a-cap-3000-une-vingtaine-dautres-attendues-dici-la-fin-de-lannee-2025","status":"publish","type":"post","link":"https:\/\/www.europesays.com\/fr\/301102\/","title":{"rendered":"D\u00e9couvrez les trois nouvelles enseignes qui s\u2019installent \u00e0 Cap 3000, une vingtaine d\u2019autres attendues d\u2019ici la fin de l\u2019ann\u00e9e 2025"},"content":{"rendered":"<p>2025 est d\u00e9cid\u00e9ment une ann\u00e9e riche en ouvertures \u00e0 Cap 3.000. Deux nouvelles enseignes viennent en effet de rejoindre le centre commercial de Saint-Laurent-du-Var, et une troisi\u00e8me s\u2019appr\u00eate \u00e0 le faire.<\/p>\n<p>Diptyque<\/p>\n<p>Diptyque, maison parisienne de parfums fond\u00e9e en 1961, a ouvert courant juillet au sein du corso de Cap 3.000. On y retrouve parfums, bougies et objets parfum\u00e9s, mais \u00e9galement toute la gamme de la marque en un seul lieu de 50m2 dans l\u2019espace qu\u2019occupait auparavant le bijoutier mon\u00e9gasque APM Monaco.<\/p>\n<p>Codage<\/p>\n<p>\u00c0 quelques m\u00e8tres de l\u00e0, la marque de cosm\u00e9tique fran\u00e7aise Codage a pris ses quartiers cette semaine. Elle propose des soins sur mesure et un savoir-faire pharmaceutique compos\u00e9 d\u2019ingr\u00e9dients naturels, dans une boutique \u00ab\u00a0intimiste\u00a0\u00bb de 25m2.<\/p>\n<p>Zara Home<\/p>\n<p>Le groupe Inditex est attendu en octobre \u00e0 l\u2019entr\u00e9e du Corso, pr\u00e8s des Galeries Lafayette, avec son magasin de d\u00e9coration int\u00e9rieure Zara Home. \u00ab\u00a0Son concept, inspir\u00e9 du flagship store de la rue du Bac \u00e0 Paris, conjugue minimalisme m\u00e9diterran\u00e9en et design raffin\u00e9\u00a0\u00bb, souligne le centre commercial laurentin.<\/p>\n<p>Une ouverture qui, pour le directeur de Cap 3.000 Fr\u00e9d\u00e9ric Llorca, est un message fort: \u00ab\u00a0Zara Home s\u2019impose \u00e0 Cap 3.000 comme un pilier majeur de notre univers lifestyle. La marque deviendra une locomotive, un lien naturel entre nos enseignes internationales et les signatures exclusives qui font la renomm\u00e9e du Corso. Cette ouverture renforce un axe de diff\u00e9renciation unique en France, qui r\u00e9pond aux attentes de notre client\u00e8le locale et s\u00e9duit \u00e9galement les touristes en qu\u00eate d\u2019exp\u00e9riences shopping et d\u00e9coratives inspirantes.\u00a0\u00bb<\/p>\n<p>Sur les 44 ouvertures pr\u00e9vues en 2025 \u00e0 Cap 3000, la moiti\u00e9 est d\u00e9j\u00e0 effective.<\/p>\n","protected":false},"excerpt":{"rendered":"2025 est d\u00e9cid\u00e9ment une ann\u00e9e riche en ouvertures \u00e0 Cap 3.000. Deux nouvelles enseignes viennent en effet de&hellip;\n","protected":false},"author":2,"featured_media":301103,"comment_status":"","ping_status":"","sticky":false,"template":"","format":"standard","meta":{"footnotes":""},"categories":[2819],"tags":[1111,11,2876,1777,674,1011,27,12,2401,882,25],"class_list":{"0":"post-301102","1":"post","2":"type-post","3":"status-publish","4":"format-standard","5":"has-post-thumbnail","7":"category-nice","8":"tag-actu","9":"tag-actualites","10":"tag-conso-shopping","11":"tag-eu","12":"tag-europe","13":"tag-fr","14":"tag-france","15":"tag-news","16":"tag-nice","17":"tag-provence-alpes-cote-dazur","18":"tag-republique-francaise"},"share_on_mastodon":{"url":"https:\/\/pubeurope.com\/@fr\/114983519135976772","error":""},"_links":{"self":[{"href":"https:\/\/www.europesays.com\/fr\/wp-json\/wp\/v2\/posts\/301102","targetHints":{"allow":["GET"]}}],"collection":[{"href":"https:\/\/www.europesays.com\/fr\/wp-json\/wp\/v2\/posts"}],"about":[{"href":"https:\/\/www.europesays.com\/fr\/wp-json\/wp\/v2\/types\/post"}],"author":[{"embeddable":true,"href":"https:\/\/www.europesays.com\/fr\/wp-json\/wp\/v2\/users\/2"}],"replies":[{"embeddable":true,"href":"https:\/\/www.europesays.com\/fr\/wp-json\/wp\/v2\/comments?post=301102"}],"version-history":[{"count":0,"href":"https:\/\/www.europesays.com\/fr\/wp-json\/wp\/v2\/posts\/301102\/revisions"}],"wp:featuredmedia":[{"embeddable":true,"href":"https:\/\/www.europesays.com\/fr\/wp-json\/wp\/v2\/media\/301103"}],"wp:attachment":[{"href":"https:\/\/www.europesays.com\/fr\/wp-json\/wp\/v2\/media?parent=301102"}],"wp:term":[{"taxonomy":"category","embeddable":true,"href":"https:\/\/www.europesays.com\/fr\/wp-json\/wp\/v2\/categories?post=301102"},{"taxonomy":"post_tag","embeddable":true,"href":"https:\/\/www.europesays.com\/fr\/wp-json\/wp\/v2\/tags?post=301102"}],"curies":[{"name":"wp","href":"https:\/\/api.w.org\/{rel}","templated":true}]}}