{"id":30111,"date":"2025-04-16T22:22:12","date_gmt":"2025-04-16T22:22:12","guid":{"rendered":"https:\/\/www.europesays.com\/fr\/30111\/"},"modified":"2025-04-16T22:22:12","modified_gmt":"2025-04-16T22:22:12","slug":"starbucks-simplante-a-la-gare-saint-roch","status":"publish","type":"post","link":"https:\/\/www.europesays.com\/fr\/30111\/","title":{"rendered":"Starbucks s&rsquo;implante \u00e0 la gare Saint-Roch"},"content":{"rendered":"<p>\n\t\t\t\t\tDes travaux d&rsquo;am\u00e9nagement sont en cours au rez-de-chauss\u00e9e de la gare Saint-Roch \u00e0 Montpellier o\u00f9 l&rsquo;enseigne Starbucks va implanter un nouvel \u00e9tablissement.\t\t\t\t<\/p>\n<p>\n\t\t\t\t\t\t\t\t\t\u00a9 InfOccitanie \u2013 A.F \/ Les travaux d\u2019am\u00e9nagement du Starbucks sont presque termin\u00e9s.\t\t\t\t\t\t\t\t<\/p>\n<p><strong>Starbucks <\/strong>\u00e0 la gare <strong>Saint-Roch<\/strong> c\u2019est pour bient\u00f4t. L\u2019enseigne am\u00e9ricaine s\u2019appr\u00eate \u00e0 s\u2019installer dans le hall, \u00e0 l\u2019entr\u00e9e de la gare <a href=\"https:\/\/infoccitanie.fr\/tag\/montpellier\/\" rel=\"nofollow noopener\" target=\"_blank\">montpelli\u00e9raine <\/a>du centre-ville, c\u00f4t\u00e9 gauche. Des travaux d\u2019am\u00e9nagement sont actuellement en cours.<\/p>\n<p><img fetchpriority=\"high\" decoding=\"async\" width=\"1024\" height=\"768\" src=\"https:\/\/www.europesays.com\/fr\/wp-content\/uploads\/2025\/04\/2656-montpellier-starbucks-1024x768.jpg\" alt=\"\" class=\"wp-image-108389\"  \/>InfOccitanie \u2013 A.F \/ Le Starbucks sera implant\u00e9 au rez-de-chauss\u00e9e de la gare Saint-Roch<\/p>\n<p>Pour le moment, aucune date n\u2019a \u00e9t\u00e9 communiqu\u00e9e quant \u00e0 une ouverture prochaine. Toutefois, au regard de l\u2019avanc\u00e9e des travaux ce <strong>Starbucks <\/strong>devrait voir le jour d\u2019ici ces prochaines semaines.<\/p>\n<blockquote class=\"instagram-media\" data-instgrm-captioned=\"\" data-instgrm-permalink=\"https:\/\/www.instagram.com\/reel\/DIgnCF3IwsK\/?utm_source=ig_embed&amp;utm_campaign=loading\" data-instgrm-version=\"14\" style=\" background:#FFF; border:0; border-radius:3px; box-shadow:0 0 1px 0 rgba(0,0,0,0.5),0 1px 10px 0 rgba(0,0,0,0.15); margin: 1px; max-width:540px; min-width:326px; padding:0; width:99.375%; width:-webkit-calc(100% - 2px); width:calc(100% - 2px);\"\/>\n<p>\t\t\t\t<script async src=\"\/\/www.instagram.com\/embed.js\"><\/script><\/p>\n","protected":false},"excerpt":{"rendered":"Des travaux d&rsquo;am\u00e9nagement sont en cours au rez-de-chauss\u00e9e de la gare Saint-Roch \u00e0 Montpellier o\u00f9 l&rsquo;enseigne Starbucks va&hellip;\n","protected":false},"author":2,"featured_media":30112,"comment_status":"","ping_status":"","sticky":false,"template":"","format":"standard","meta":{"footnotes":""},"categories":[9599],"tags":[1111,11,1777,674,1011,27,7533,2208,12,2680,25],"class_list":{"0":"post-30111","1":"post","2":"type-post","3":"status-publish","4":"format-standard","5":"has-post-thumbnail","7":"category-montpellier","8":"tag-actu","9":"tag-actualites","10":"tag-eu","11":"tag-europe","12":"tag-fr","13":"tag-france","14":"tag-gare","15":"tag-montpellier","16":"tag-news","17":"tag-occitanie","18":"tag-republique-francaise"},"share_on_mastodon":{"url":"https:\/\/pubeurope.com\/@fr\/114349981446269004","error":""},"_links":{"self":[{"href":"https:\/\/www.europesays.com\/fr\/wp-json\/wp\/v2\/posts\/30111","targetHints":{"allow":["GET"]}}],"collection":[{"href":"https:\/\/www.europesays.com\/fr\/wp-json\/wp\/v2\/posts"}],"about":[{"href":"https:\/\/www.europesays.com\/fr\/wp-json\/wp\/v2\/types\/post"}],"author":[{"embeddable":true,"href":"https:\/\/www.europesays.com\/fr\/wp-json\/wp\/v2\/users\/2"}],"replies":[{"embeddable":true,"href":"https:\/\/www.europesays.com\/fr\/wp-json\/wp\/v2\/comments?post=30111"}],"version-history":[{"count":0,"href":"https:\/\/www.europesays.com\/fr\/wp-json\/wp\/v2\/posts\/30111\/revisions"}],"wp:featuredmedia":[{"embeddable":true,"href":"https:\/\/www.europesays.com\/fr\/wp-json\/wp\/v2\/media\/30112"}],"wp:attachment":[{"href":"https:\/\/www.europesays.com\/fr\/wp-json\/wp\/v2\/media?parent=30111"}],"wp:term":[{"taxonomy":"category","embeddable":true,"href":"https:\/\/www.europesays.com\/fr\/wp-json\/wp\/v2\/categories?post=30111"},{"taxonomy":"post_tag","embeddable":true,"href":"https:\/\/www.europesays.com\/fr\/wp-json\/wp\/v2\/tags?post=30111"}],"curies":[{"name":"wp","href":"https:\/\/api.w.org\/{rel}","templated":true}]}}