{"id":301120,"date":"2025-08-06T19:51:10","date_gmt":"2025-08-06T19:51:10","guid":{"rendered":"https:\/\/www.europesays.com\/fr\/301120\/"},"modified":"2025-08-06T19:51:10","modified_gmt":"2025-08-06T19:51:10","slug":"lom-soffre-un-americain-france-olympique-de-marseille","status":"publish","type":"post","link":"https:\/\/www.europesays.com\/fr\/301120\/","title":{"rendered":"L&rsquo;OM s&rsquo;offre un Am\u00e9ricain &#8211; France &#8211; Olympique de Marseille"},"content":{"rendered":"<p>Il n\u2019a pas encore tu\u00e9 le p\u00e8re.<\/p>\n<p>Comme George il y a 25 ans, Timothy portera les couleurs du PSG et de l\u2019OM. <strong>Weah fils devient officiellement un joueur de l\u2019Olympique de Marseille.<\/strong> L\u2019international am\u00e9ricain de 25 ans est pr\u00eat\u00e9 avec option d\u2019achat par la Juventus. Celle-ci a \u00e9t\u00e9 fix\u00e9e \u00e0 14 millions d\u2019euros, indique <a target=\"_blank\" href=\"https:\/\/www.lequipe.fr\/Football\/Actualites\/Mercato-l-ancien-parisien-timothy-weah-a-signe-a-l-om\/1583526\" rel=\"nofollow noopener\">L\u2019\u00c9quipe<\/a>. L\u2019OM est dithyrambique sur son profil : \u00ab\u202fTimothy Weah a la flamme. Celle qui n\u2019\u00e9blouit pas, mais qui \u00e9claire son chemin avec humilit\u00e9 et d\u00e9termination. Loin d\u2019\u00eatre dans l\u2019ombre, il est devenu une lumi\u00e8re discr\u00e8te, mais bien \u00e0 lui et bien d\u00e9cid\u00e9 \u00e0 se faire un pr\u00e9nom\u202f\u00bb, romantise le <a target=\"_blank\" href=\"https:\/\/www.om.fr\/fr\/actualites\/4803\/equipe-1ere\/100251-timothy-weah-en-bleu-et-blanc\" rel=\"nofollow noopener\">communiqu\u00e9<\/a>. Apr\u00e8s l\u2019arriv\u00e9e d\u2019<a target=\"_blank\" href=\"https:\/\/www.sofoot.com\/articles\/mercato-achete-35-millions-deuros-par-lolympique-de-marseille-que-vaut-igor-paixao\" rel=\"nofollow noopener\">Igor Paix\u00e3o<\/a> et le retour de <a target=\"_blank\" href=\"https:\/\/www.sofoot.com\/articles\/cinq-bonnes-raisons-de-se-rejouir-du-retour-daubameyang-a-lom\" rel=\"nofollow noopener\">Pierre-Emerick Aubameyang<\/a>, l\u2019OM renforce son secteur offensif et apporte de la concurrence \u00e0 Mason Greenwood.<\/p>\n<p><strong>Timothy Weah sort de deux saisons et 73 apparitions en Italie<\/strong>, apr\u00e8s avoir jou\u00e9 pour le Celtic Glasgow et Lille. Le natif de New York a m\u00eame \u00e9t\u00e9 champion de France avec les Dogues.<\/p>\n<blockquote class=\"twitter-tweet\" data-media-max-width=\"560\">\n<p lang=\"fr\" dir=\"ltr\">\ud835\udc02\ud835\udc1a\ud835\udc29(\ud835\udc1e) \ud835\udc2c\ud835\udc2e\ud835\udc2b \ud835\udc0c\ud835\udc1a\ud835\udc2b\ud835\udc2c\ud835\udc1e\ud835\udc22\ud835\udc25\ud835\udc25\ud835\udc1e ! \ud83e\udd7e\ud83d\udc88<br \/>\n\ud835\udc13\ud835\udc22\ud835\udc26\ud835\udc28\ud835\udc2d\ud835\udc21\ud835\udc32 \ud835\udc16\ud835\udc1e\ud835\udc1a\ud835\udc21 \ud83c\uddfa\ud83c\uddf8 fait le pas et rejoint l\u2019Olympique de Marseille en provenance de la Juventus Turin ! \ud83d\udd25\ud83d\udd35\u26aa\ufe0f <a target=\"_blank\" href=\"https:\/\/t.co\/7PdKhBOzZV\" rel=\"nofollow\">pic.twitter.com\/7PdKhBOzZV<\/a><\/p>\n<p>\u2014 Olympique de Marseille (@OM_Officiel) <a target=\"_blank\" href=\"https:\/\/twitter.com\/OM_Officiel\/status\/1953135282401784291?ref_src=twsrc%5Etfw\" rel=\"nofollow noopener\">August 6, 2025<\/a><\/p><\/blockquote>\n<p>Le dernier joueur am\u00e9ricain de l\u2019OM s\u2019appelle Konrad de la Fuente, il s\u2019agirait donc de se m\u00e9fier.<\/p>\n<p>\t\t\t\t\t\t\t\t<script async src=\"https:\/\/platform.twitter.com\/widgets.js\" charset=\"utf-8\"><\/script><\/p>\n","protected":false},"excerpt":{"rendered":"Il n\u2019a pas encore tu\u00e9 le p\u00e8re. Comme George il y a 25 ans, Timothy portera les couleurs&hellip;\n","protected":false},"author":2,"featured_media":301121,"comment_status":"","ping_status":"","sticky":false,"template":"","format":"standard","meta":{"footnotes":""},"categories":[2814],"tags":[1111,47,11,61,69,65,64,1777,674,63,1011,27,68,66,884,12,62,70,882,25,67],"class_list":{"0":"post-301120","1":"post","2":"type-post","3":"status-publish","4":"format-standard","5":"has-post-thumbnail","7":"category-marseille","8":"tag-actu","9":"tag-actualite","10":"tag-actualites","11":"tag-actus-football","12":"tag-bundesliga","13":"tag-championnats-europeens","14":"tag-equipe-de-france","15":"tag-eu","16":"tag-europe","17":"tag-football","18":"tag-fr","19":"tag-france","20":"tag-ligua","21":"tag-ligue-1","22":"tag-marseille","23":"tag-news","24":"tag-news-foot","25":"tag-premier-league","26":"tag-provence-alpes-cote-dazur","27":"tag-republique-francaise","28":"tag-serie-a"},"share_on_mastodon":{"url":"https:\/\/pubeurope.com\/@fr\/114983566225869590","error":""},"_links":{"self":[{"href":"https:\/\/www.europesays.com\/fr\/wp-json\/wp\/v2\/posts\/301120","targetHints":{"allow":["GET"]}}],"collection":[{"href":"https:\/\/www.europesays.com\/fr\/wp-json\/wp\/v2\/posts"}],"about":[{"href":"https:\/\/www.europesays.com\/fr\/wp-json\/wp\/v2\/types\/post"}],"author":[{"embeddable":true,"href":"https:\/\/www.europesays.com\/fr\/wp-json\/wp\/v2\/users\/2"}],"replies":[{"embeddable":true,"href":"https:\/\/www.europesays.com\/fr\/wp-json\/wp\/v2\/comments?post=301120"}],"version-history":[{"count":0,"href":"https:\/\/www.europesays.com\/fr\/wp-json\/wp\/v2\/posts\/301120\/revisions"}],"wp:featuredmedia":[{"embeddable":true,"href":"https:\/\/www.europesays.com\/fr\/wp-json\/wp\/v2\/media\/301121"}],"wp:attachment":[{"href":"https:\/\/www.europesays.com\/fr\/wp-json\/wp\/v2\/media?parent=301120"}],"wp:term":[{"taxonomy":"category","embeddable":true,"href":"https:\/\/www.europesays.com\/fr\/wp-json\/wp\/v2\/categories?post=301120"},{"taxonomy":"post_tag","embeddable":true,"href":"https:\/\/www.europesays.com\/fr\/wp-json\/wp\/v2\/tags?post=301120"}],"curies":[{"name":"wp","href":"https:\/\/api.w.org\/{rel}","templated":true}]}}