{"id":301122,"date":"2025-08-06T19:52:11","date_gmt":"2025-08-06T19:52:11","guid":{"rendered":"https:\/\/www.europesays.com\/fr\/301122\/"},"modified":"2025-08-06T19:52:11","modified_gmt":"2025-08-06T19:52:11","slug":"rhone-un-voile-gris-et-opaque-dans-le-ciel-lyonnais-de-quoi-sagit-il","status":"publish","type":"post","link":"https:\/\/www.europesays.com\/fr\/301122\/","title":{"rendered":"Rh\u00f4ne. Un voile gris et opaque dans le ciel lyonnais\u00a0: de quoi s\u2019agit-il\u00a0?"},"content":{"rendered":"<p>Le ciel est voil\u00e9 dans le d\u00e9partement. Et ce n\u2019est pas d\u00fb aux conditions m\u00e9t\u00e9orologiques. Si le voile gris et l\u00e9g\u00e8rement opaque qui a habill\u00e9 le ciel lyonnais ce mercredi 6\u00a0ao\u00fbt peut \u00e9galement s\u2019apparenter \u00e0 de la pollution, il n\u2019en est rien non plus.<\/p>\n<p>Comme au d\u00e9but du mois de juin, l\u2019explication se trouve dans les plus de 600 feux de for\u00eat qui ravagent le Canada.<\/p>\n<p>  6,5\u00a0millions d\u2019hectares ont br\u00fbl\u00e9<\/p>\n<p>Depuis le 4\u00a0ao\u00fbt, ces incendies ont br\u00fbl\u00e9 pr\u00e8s de 6,5\u00a0millions d\u2019hectares de for\u00eat dans le pays, rapportent nos confr\u00e8res de Radio Canada.<\/p>\n<p>Au-del\u00e0 des cons\u00e9quences environnementales d\u00e9sastreuses, ces feux provoquent l\u2019\u00e9manation de fum\u00e9es denses et volumineuses qui parviennent jusque de l\u2019autre c\u00f4t\u00e9 de l\u2019Atlantique. Apr\u00e8s l\u2019Angleterre, c\u2019est ainsi la France qui observe ce ph\u00e9nom\u00e8ne, inoffensif pour la sant\u00e9.<\/p>\n<p>De la m\u00eame fa\u00e7on, le gigantesque incendie qui ravage le d\u00e9partement de l\u2019Aube, dans le sud ouest du pays, d\u00e9gage des fum\u00e9es qui se dirigent \u00ab\u00a0vers les Bal\u00e9ares et le Maghreb\u00a0\u00bb, pr\u00e9cise M\u00e9t\u00e9o France.<\/p>\n","protected":false},"excerpt":{"rendered":"Le ciel est voil\u00e9 dans le d\u00e9partement. Et ce n\u2019est pas d\u00fb aux conditions m\u00e9t\u00e9orologiques. Si le voile&hellip;\n","protected":false},"author":2,"featured_media":301123,"comment_status":"","ping_status":"","sticky":false,"template":"","format":"standard","meta":{"footnotes":""},"categories":[1889],"tags":[1111,11,2430,9323,2757,436,1777,674,274,107,1011,27,1310,2428,2756,8423,12,25,2429,767],"class_list":{"0":"post-301122","1":"post","2":"type-post","3":"status-publish","4":"format-standard","5":"has-post-thumbnail","7":"category-lyon","8":"tag-actu","9":"tag-actualites","10":"tag-auvergne-rhone-alpes","11":"tag-catastrophes","12":"tag-edition-lyon-villeurbanne","13":"tag-environnement","14":"tag-eu","15":"tag-europe","16":"tag-faits-divers-justice","17":"tag-fil-info","18":"tag-fr","19":"tag-france","20":"tag-incendie","21":"tag-lyon","22":"tag-lyon-bassin","23":"tag-meteorologie-climat","24":"tag-news","25":"tag-republique-francaise","26":"tag-rhone","27":"tag-science-et-technologie"},"share_on_mastodon":{"url":"https:\/\/pubeurope.com\/@fr\/114983570260539217","error":""},"_links":{"self":[{"href":"https:\/\/www.europesays.com\/fr\/wp-json\/wp\/v2\/posts\/301122","targetHints":{"allow":["GET"]}}],"collection":[{"href":"https:\/\/www.europesays.com\/fr\/wp-json\/wp\/v2\/posts"}],"about":[{"href":"https:\/\/www.europesays.com\/fr\/wp-json\/wp\/v2\/types\/post"}],"author":[{"embeddable":true,"href":"https:\/\/www.europesays.com\/fr\/wp-json\/wp\/v2\/users\/2"}],"replies":[{"embeddable":true,"href":"https:\/\/www.europesays.com\/fr\/wp-json\/wp\/v2\/comments?post=301122"}],"version-history":[{"count":0,"href":"https:\/\/www.europesays.com\/fr\/wp-json\/wp\/v2\/posts\/301122\/revisions"}],"wp:featuredmedia":[{"embeddable":true,"href":"https:\/\/www.europesays.com\/fr\/wp-json\/wp\/v2\/media\/301123"}],"wp:attachment":[{"href":"https:\/\/www.europesays.com\/fr\/wp-json\/wp\/v2\/media?parent=301122"}],"wp:term":[{"taxonomy":"category","embeddable":true,"href":"https:\/\/www.europesays.com\/fr\/wp-json\/wp\/v2\/categories?post=301122"},{"taxonomy":"post_tag","embeddable":true,"href":"https:\/\/www.europesays.com\/fr\/wp-json\/wp\/v2\/tags?post=301122"}],"curies":[{"name":"wp","href":"https:\/\/api.w.org\/{rel}","templated":true}]}}