{"id":301128,"date":"2025-08-06T19:56:10","date_gmt":"2025-08-06T19:56:10","guid":{"rendered":"https:\/\/www.europesays.com\/fr\/301128\/"},"modified":"2025-08-06T19:56:10","modified_gmt":"2025-08-06T19:56:10","slug":"cest-une-catastrophe-dampleur-inedite-deplore-francois-bayrou","status":"publish","type":"post","link":"https:\/\/www.europesays.com\/fr\/301128\/","title":{"rendered":"\u00ab\u00a0C&rsquo;est une catastrophe d&rsquo;ampleur in\u00e9dite\u00a0\u00bb, d\u00e9plore Fran\u00e7ois Bayrou"},"content":{"rendered":"<p>            lire plus tard<\/p>\n<p id=\"dialog__title\" class=\"dialog__title\">Pour sauvegarder cet article, connectez-vous ou cr\u00e9ez un compte franceinfo<\/p>\n<p class=\"dialog__description\">Sans paiement. Sans abonnement.<\/p>\n<p>        Fermer la fen\u00eatre d\u2019activation des notifications France Info<\/p>\n<p>            cr\u00e9er votre compte<\/p>\n<p>            se connecter<\/p>\n<p>        Fermer la fen\u00eatre de pr\u00e9sentation<\/p>\n<p>    Publi\u00e9 le 06\/08\/2025 20:07<\/p>\n<p>        Temps de lecture : 1min &#8211; vid\u00e9o : 2min<\/p>\n<p>    <img decoding=\"async\" class=\"francetv-player-wrapper__image\" alt=\"&quot;C'est une catastrophe d'ampleur in\u00e9dite&quot;, affirme Fran\u00e7ois Bayrou\"  width=\"432\" height=\"243\" src=\"https:\/\/www.europesays.com\/fr\/wp-content\/uploads\/2025\/08\/000-68wp8yf-689398fe71074310186791.jpg\" fetchpriority=\"high\"\/><\/p>\n<p>              \u00ab\u00a0C&rsquo;est une catastrophe d&rsquo;ampleur in\u00e9dite\u00a0\u00bb, affirme Fran\u00e7ois Bayrou<br \/>\n                    (FRANCE TELEVISIONS)<\/p>\n<p>      2min<\/p>\n<p class=\"c-chapo \">\n  Le Premier ministre s&rsquo;est rendu \u00e0 Saint-Laurent-de-la-Cabrerisse (Aude) mercredi, en compagnie du ministre de l&rsquo;Int\u00e9rieur.\n<\/p>\n<p>L&rsquo;incendie <a href=\"https:\/\/www.franceinfo.fr\/environnement\/evenements-meteorologiques-extremes\/incendies-et-feux-de-foret\/incendie-meurtrier-dans-l-aude\/en-images-brasiers-voitures-calcinees-fumees-visibles-depuis-l-espace-les-photos-et-videos-de-l-incendie-meurtrier-dans-l-aude_7420654.html\" rel=\"nofollow noopener\" target=\"_blank\">qui ravag\u00e9 le d\u00e9partement de l&rsquo;Aude depuis mardi<\/a> est \u00ab\u00a0une catastrophe d&rsquo;ampleur in\u00e9dite\u00a0\u00bb, a d\u00e9clar\u00e9 sur place le Premier ministre, Fran\u00e7ois Bayrou, mercredi 6\u00a0ao\u00fbt. \u00ab\u00a0L&rsquo;\u00e9v\u00e8nement aujourd&rsquo;hui, c&rsquo;est un \u00e9v\u00e8nement qui est li\u00e9 au r\u00e9chauffement climatique et li\u00e9 \u00e0 la s\u00e9cheresse\u00a0\u00bb, a \u00e9galement d\u00e9clar\u00e9 le Premier ministre.<\/p>\n<p>Le plus gros incendie de l&rsquo;\u00e9t\u00e9 en France a parcouru 16\u00a0000\u00a0hectares de v\u00e9g\u00e9tation en 24 heures dans l&rsquo;Aude. Une femme de 65\u00a0ans a \u00e9t\u00e9 retrouv\u00e9e morte dans sa maison de Saint-Laurent-de-la-Cabrerisse, la commune la plus sinistr\u00e9e.<\/p>\n<p>Il s&rsquo;agit du plus important incendie en France depuis au moins 2006, soit le d\u00e9but des enregistrements, et depuis les ann\u00e9es 1970 pour la zone m\u00e9diterran\u00e9enne, selon la base de donn\u00e9es sur les incendies de for\u00eat (BDIFF) du gouvernement.<\/p>\n<p>Interrog\u00e9 sur les causes de cet incendie, qui font l&rsquo;objet d&rsquo;une enqu\u00eate, Fran\u00e7ois Bayrou a r\u00e9pondu\u00a0: \u00ab\u00a0On a l&rsquo;impression que c&rsquo;est un d\u00e9part d&rsquo;incendie \u00e0 partir des activit\u00e9s sur le bord de la route. Mais c&rsquo;est une impression et aucune preuve pour l&rsquo;instant n&rsquo;a \u00e9t\u00e9 apport\u00e9e\u00a0\u00bb.<\/p>\n<p>Le chef du gouvernement a \u00e9galement \u00e9voqu\u00e9 un \u00ab\u00a0plan de sauvegarde et d&rsquo;avenir\u00a0\u00bb dont \u00ab\u00a0les Corbi\u00e8res pourraient \u00eatre le laboratoire\u00a0\u00bb, et dont l&rsquo;\u00e9laboration se ferait en concertation entre le gouvernement, les parlementaires, les \u00e9lus locaux et les responsables professionnels.<\/p>\n<p class=\"related-tags__title\" role=\"heading\" aria-level=\"2\">les mots-cl\u00e9s associ\u00e9s \u00e0 cet article\n    <\/p>\n","protected":false},"excerpt":{"rendered":"lire plus tard Pour sauvegarder cet article, connectez-vous ou cr\u00e9ez un compte franceinfo Sans paiement. Sans abonnement. Fermer&hellip;\n","protected":false},"author":2,"featured_media":301129,"comment_status":"","ping_status":"","sticky":false,"template":"","format":"standard","meta":{"footnotes":""},"categories":[1888],"tags":[1111,1928,11,1927,1777,674,1011,27,12,1926,626,1925,25],"class_list":{"0":"post-301128","1":"post","2":"type-post","3":"status-publish","4":"format-standard","5":"has-post-thumbnail","7":"category-paris","8":"tag-actu","9":"tag-actu-paris","10":"tag-actualites","11":"tag-actualites-paris","12":"tag-eu","13":"tag-europe","14":"tag-fr","15":"tag-france","16":"tag-news","17":"tag-news-paris","18":"tag-paris","19":"tag-paris-news","20":"tag-republique-francaise"},"share_on_mastodon":{"url":"https:\/\/pubeurope.com\/@fr\/114983585991819016","error":""},"_links":{"self":[{"href":"https:\/\/www.europesays.com\/fr\/wp-json\/wp\/v2\/posts\/301128","targetHints":{"allow":["GET"]}}],"collection":[{"href":"https:\/\/www.europesays.com\/fr\/wp-json\/wp\/v2\/posts"}],"about":[{"href":"https:\/\/www.europesays.com\/fr\/wp-json\/wp\/v2\/types\/post"}],"author":[{"embeddable":true,"href":"https:\/\/www.europesays.com\/fr\/wp-json\/wp\/v2\/users\/2"}],"replies":[{"embeddable":true,"href":"https:\/\/www.europesays.com\/fr\/wp-json\/wp\/v2\/comments?post=301128"}],"version-history":[{"count":0,"href":"https:\/\/www.europesays.com\/fr\/wp-json\/wp\/v2\/posts\/301128\/revisions"}],"wp:featuredmedia":[{"embeddable":true,"href":"https:\/\/www.europesays.com\/fr\/wp-json\/wp\/v2\/media\/301129"}],"wp:attachment":[{"href":"https:\/\/www.europesays.com\/fr\/wp-json\/wp\/v2\/media?parent=301128"}],"wp:term":[{"taxonomy":"category","embeddable":true,"href":"https:\/\/www.europesays.com\/fr\/wp-json\/wp\/v2\/categories?post=301128"},{"taxonomy":"post_tag","embeddable":true,"href":"https:\/\/www.europesays.com\/fr\/wp-json\/wp\/v2\/tags?post=301128"}],"curies":[{"name":"wp","href":"https:\/\/api.w.org\/{rel}","templated":true}]}}