{"id":301144,"date":"2025-08-06T20:04:17","date_gmt":"2025-08-06T20:04:17","guid":{"rendered":"https:\/\/www.europesays.com\/fr\/301144\/"},"modified":"2025-08-06T20:04:17","modified_gmt":"2025-08-06T20:04:17","slug":"dresde-une-bombe-de-la-seconde-guerre-mondiale-desamorcee","status":"publish","type":"post","link":"https:\/\/www.europesays.com\/fr\/301144\/","title":{"rendered":"Dresde: une bombe de la Seconde Guerre mondiale d\u00e9samorc\u00e9e"},"content":{"rendered":"<p>Publi\u00e96. ao\u00fbt 2025, 21:53<\/p>\n<p>Allemagne: Une bombe de la Seconde Guerre mondiale d\u00e9samorc\u00e9e \u00e0 Dresde<\/p>\n<p>Une grande partie du centre historique de la ville de Dresde, dans l&rsquo;est de l&rsquo;Allemagne, a \u00e9t\u00e9 bri\u00e8vement \u00e9vacu\u00e9e mercredi pour proc\u00e9der au d\u00e9samor\u00e7age de cette bombe.<\/p>\n<p><img loading=\"lazy\" decoding=\"async\" src=\"https:\/\/www.europesays.com\/fr\/wp-content\/uploads\/2025\/08\/87a77f77-1004-4dc9-89c3-7c598c187302.jpg\" alt=\"Environ 17 000 personnes avaient \u00e9t\u00e9 somm\u00e9es de quitter t\u00f4t leur domicile dans cette cit\u00e9.\" title=\"Environ 17 000 personnes avaient \u00e9t\u00e9 somm\u00e9es de quitter t\u00f4t leur domicile dans cette cit\u00e9.\"  width=\"544\" height=\"318\"\/><\/p>\n<p>Environ 17 000 personnes avaient \u00e9t\u00e9 somm\u00e9es de quitter t\u00f4t leur domicile dans cette cit\u00e9.<\/p>\n<p>X<\/p>\n<p>La bombe datant de la Seconde Guerre mondiale d\u00e9couverte \u00e0 Dresde, dans l\u2019est de l\u2019Allemagne, a \u00e9t\u00e9 d\u00e9sarmorc\u00e9e en d\u00e9but d\u2019apr\u00e8s-midi avec succ\u00e8s mettant fin \u00e0 un ordre d\u2019\u00e9vacuation. Une grande partie du centre historique de la ville avait \u00e9t\u00e9 bri\u00e8vement \u00e9vacu\u00e9e mercredi matin pour proc\u00e9der au d\u00e9samor\u00e7age de cette bombe, d\u00e9couverte mardi lors de travaux, selon les autorit\u00e9s locales. Environ 17 000 personnes avaient \u00e9t\u00e9 somm\u00e9es de quitter t\u00f4t leur domicile dans cette cit\u00e9, surnomm\u00e9e \u00abla Florence de l\u2019Elbe\u00bb, tr\u00e8s largement d\u00e9truite lors d\u2019un bombardement alli\u00e9 en f\u00e9vrier 1945.<\/p>\n<p>La bombe britannique, \u00e0 l\u2019origine de l\u2019\u00e9vacuation de mercredi, p\u00e8se 250 kilos, et a \u00e9t\u00e9 d\u00e9couverte mardi lors de travaux de d\u00e9blayage suite \u00e0 l\u2019effondrement dans l\u2019Elbe en septembre dernier du pont Carola, l\u2019un des principaux axes reliant la vieille ville au reste de l\u2019ancienne cit\u00e9 des rois de Saxe.<\/p>\n<p>Truff\u00e9e de bombes non explos\u00e9es<\/p>\n<p>Tr\u00e8s touristique, le quartier o\u00f9 a \u00e9t\u00e9 retrouv\u00e9 la bombe, abrite notamment \u00abla Frauenkirche\u00bb, un temple protestant \u00e9rig\u00e9 au 18e si\u00e8cle, dont il ne restait plus apr\u00e8s le bombardement que des gravats pendant pr\u00e8s de cinquante ans avant sa reconstruction pierre par pierre quelques ann\u00e9es apr\u00e8s la r\u00e9unification allemande. L\u2019Allemagne qui, au printemps, a comm\u00e9mor\u00e9 les 80 ans de la fin de la Seconde Guerre mondiale, reste truff\u00e9e de bombes non explos\u00e9es, r\u00e9guli\u00e8rement d\u00e9couvertes lors de chantiers de construction.<\/p>\n<p>En janvier dernier, quelque 10 000 personnes avaient d\u00e9j\u00e0 \u00e9t\u00e9 \u00e9vacu\u00e9es \u00e0 Dresde apr\u00e8s la d\u00e9couverte d\u2019une autre bombe sur le m\u00eame site. En juin, plus de 20 000 personnes avaient \u00e9t\u00e9 \u00e9vacu\u00e9es \u00e0 Cologne, lors de la plus grande op\u00e9ration de d\u00e9samor\u00e7age dans cette grande ville de l\u2019ouest de l\u2019Allemagne, apr\u00e8s la d\u00e9couverte de trois bombes datant de la m\u00eame \u00e9poque.<\/p>\n<p><img loading=\"lazy\" decoding=\"async\" src=\"https:\/\/www.europesays.com\/fr\/wp-content\/uploads\/2025\/08\/b1e2cc38-e3ec-4eb4-aa94-5272bdad9dfa.jpg\" alt=\"La bombe britannique, \u00e0 l\u2019origine de l\u2019\u00e9vacuation de mercredi, p\u00e8se 250 kilos.\" title=\"La bombe britannique, \u00e0 l\u2019origine de l\u2019\u00e9vacuation de mercredi, p\u00e8se 250 kilos.\"  width=\"1160\" height=\"653\"\/><\/p>\n<p>La bombe britannique, \u00e0 l\u2019origine de l\u2019\u00e9vacuation de mercredi, p\u00e8se 250 kilos.<\/p>\n<p>XTu nous suis d\u00e9j\u00e0 sur WhatsApp?<\/p>\n<p>Abonne-toi \u00e0 notre cha\u00eene, active la petite \ud83d\udd14 et tu recevras un <strong>r\u00e9cap de l&rsquo;actu<\/strong> chaque jour en <strong>d\u00e9but de soir\u00e9e<\/strong>.<\/p>\n<p>(afp\/nc)<\/p>\n","protected":false},"excerpt":{"rendered":"Publi\u00e96. ao\u00fbt 2025, 21:53 Allemagne: Une bombe de la Seconde Guerre mondiale d\u00e9samorc\u00e9e \u00e0 Dresde Une grande partie&hellip;\n","protected":false},"author":2,"featured_media":301145,"comment_status":"","ping_status":"","sticky":false,"template":"","format":"standard","meta":{"footnotes":""},"categories":[1587],"tags":[11,672,1804,1805,1803,1777,674,1801,12,1802],"class_list":{"0":"post-301144","1":"post","2":"type-post","3":"status-publish","4":"format-standard","5":"has-post-thumbnail","7":"category-allemagne","8":"tag-actualites","9":"tag-allemagne","10":"tag-bundesrepublik-deutschland","11":"tag-de","12":"tag-deutschland","13":"tag-eu","14":"tag-europe","15":"tag-germany","16":"tag-news","17":"tag-republique-federale-dallemagne"},"share_on_mastodon":{"url":"https:\/\/pubeurope.com\/@fr\/114983617498842428","error":""},"_links":{"self":[{"href":"https:\/\/www.europesays.com\/fr\/wp-json\/wp\/v2\/posts\/301144","targetHints":{"allow":["GET"]}}],"collection":[{"href":"https:\/\/www.europesays.com\/fr\/wp-json\/wp\/v2\/posts"}],"about":[{"href":"https:\/\/www.europesays.com\/fr\/wp-json\/wp\/v2\/types\/post"}],"author":[{"embeddable":true,"href":"https:\/\/www.europesays.com\/fr\/wp-json\/wp\/v2\/users\/2"}],"replies":[{"embeddable":true,"href":"https:\/\/www.europesays.com\/fr\/wp-json\/wp\/v2\/comments?post=301144"}],"version-history":[{"count":0,"href":"https:\/\/www.europesays.com\/fr\/wp-json\/wp\/v2\/posts\/301144\/revisions"}],"wp:featuredmedia":[{"embeddable":true,"href":"https:\/\/www.europesays.com\/fr\/wp-json\/wp\/v2\/media\/301145"}],"wp:attachment":[{"href":"https:\/\/www.europesays.com\/fr\/wp-json\/wp\/v2\/media?parent=301144"}],"wp:term":[{"taxonomy":"category","embeddable":true,"href":"https:\/\/www.europesays.com\/fr\/wp-json\/wp\/v2\/categories?post=301144"},{"taxonomy":"post_tag","embeddable":true,"href":"https:\/\/www.europesays.com\/fr\/wp-json\/wp\/v2\/tags?post=301144"}],"curies":[{"name":"wp","href":"https:\/\/api.w.org\/{rel}","templated":true}]}}