{"id":301148,"date":"2025-08-06T20:06:12","date_gmt":"2025-08-06T20:06:12","guid":{"rendered":"https:\/\/www.europesays.com\/fr\/301148\/"},"modified":"2025-08-06T20:06:12","modified_gmt":"2025-08-06T20:06:12","slug":"lallemagne-nest-pas-preparee-alors-que-la-loi-ue-ai-entre-dans-la-phase-dapplication","status":"publish","type":"post","link":"https:\/\/www.europesays.com\/fr\/301148\/","title":{"rendered":"L&rsquo;Allemagne n&rsquo;est pas pr\u00e9par\u00e9e alors que la loi UE AI entre dans la phase d&rsquo;application"},"content":{"rendered":"<p>Les organisations de consommateurs allemandes et les r\u00e9gulateurs exhortent le gouvernement \u00e0 nommer une autorit\u00e9 nationale pour la surveillance de l\u2019intelligence artificielle, apr\u00e8s la date limite manqu\u00e9e de l\u2019Allemagne de l\u2019UE <strong>2 ao\u00fbt<\/strong> Pour informer la Commission europ\u00e9enne de ses autorit\u00e9s de surveillance du march\u00e9 pour <a href=\"https:\/\/dataconomy.com\/2025\/08\/01\/eu-ai-act-takes-effect-for-gpai-providers-august-2\/\" target=\"_blank\" rel=\"noopener nofollow\">AI AC<\/a> conformit\u00e9.<\/p>\n<p>Thomas Fuchs, commissaire \u00e0 la protection des donn\u00e9es de Hambourg, a demand\u00e9 la d\u00e9signation rapide des autorit\u00e9s de surveillance du march\u00e9 de l\u2019IA, y compris les organismes de supervision de la protection des donn\u00e9es. Fuchs a d\u00e9clar\u00e9: \u00abEn raison du retard, les entreprises et les autorit\u00e9s manquent d\u00e9sormais leur personne de contact contraignante pour des questions sur la r\u00e9glementation de l\u2019IA. C\u2019est \u00e9galement un inconv\u00e9nient pour l\u2019Allemagne comme lieu de l\u2019innovation de l\u2019IA.\u00bb<\/p>\n<p>Lina Ehrig, responsable du num\u00e9rique \u00e0 la F\u00e9d\u00e9ration des organisations de consommateurs allemandes (VZBV), a exprim\u00e9 des pr\u00e9occupations similaires. Le VZBV a averti l\u2019IA non supervis\u00e9e pourrait permettre aux entreprises de manipuler les consommateurs ou d\u2019exploiter les faiblesses individuelles, citant l\u2019analyse vocale en temps r\u00e9el dans les centres d\u2019appels comme exemple. Ehrig a d\u00e9clar\u00e9: \u00abIl doit y avoir une autorit\u00e9 de supervision qui garde un \u0153il sur cela et agit contre les violations. Cela ne s\u2019est pas produit jusqu\u2019\u00e0 pr\u00e9sent.\u00bb<\/p>\n<p>Un responsable de la Commission a confirm\u00e9 que certains \u00c9tats membres de l\u2019UE ont soumis des notifications de nomination, qui sont \u00e0 l\u2019\u00e9tude, mais qui ont manqu\u00e9 la date limite. Euronews ont rapport\u00e9 en mai qu\u2019avec trois mois jusqu\u2019\u00e0 la date limite du d\u00e9but d\u2019ao\u00fbt, les nominations sur l\u2019autorit\u00e9 sont rest\u00e9es claires dans au moins la moiti\u00e9 des \u00c9tats membres.<\/p>\n<p>Malgr\u00e9 l\u2019absence de r\u00e9glementation nationale, le chien de garde des donn\u00e9es de Hambourg a commenc\u00e9 \u00e0 d\u00e9velopper des capacit\u00e9s et un personnel de formation pour des tests de syst\u00e8mes d\u2019IA complexes en pr\u00e9vision de la d\u00e9signation l\u00e9gale. Le r\u00e9gulateur a pr\u00e9c\u00e9demment remis en question la m\u00e9ta concernant ses outils d\u2019IA. La loi sur l\u2019IA est entr\u00e9e en vigueur en ao\u00fbt 2024, avec des dispositions s\u2019appliquant progressivement. Ce mois-ci, les autorit\u00e9s nationales exigent la nomination et les r\u00e9glementations pour les fournisseurs d\u2019IA \u00e0 usage g\u00e9n\u00e9ral, y compris Chatgpt, Claud AI et Gemini, sont pr\u00eats \u00e0 commencer.<\/p>\n<p><strong><a href=\"https:\/\/unsplash.com\/photos\/white-concrete-building-with-flags-on-top-under-blue-sky-during-daytime-HF-lFqdOMF8\" target=\"_blank\" rel=\"noopener nofollow\">Cr\u00e9dit d\u2019image en vedette<\/a><\/strong><\/p>\n","protected":false},"excerpt":{"rendered":"Les organisations de consommateurs allemandes et les r\u00e9gulateurs exhortent le gouvernement \u00e0 nommer une autorit\u00e9 nationale pour la&hellip;\n","protected":false},"author":2,"featured_media":301149,"comment_status":"","ping_status":"","sticky":false,"template":"","format":"standard","meta":{"footnotes":""},"categories":[1586],"tags":[11,1777,674,1779,1011,27,12,25,1778,364],"class_list":{"0":"post-301148","1":"post","2":"type-post","3":"status-publish","4":"format-standard","5":"has-post-thumbnail","7":"category-europe","8":"tag-actualites","9":"tag-eu","10":"tag-europe","11":"tag-european-union","12":"tag-fr","13":"tag-france","14":"tag-news","15":"tag-republique-francaise","16":"tag-ue","17":"tag-union-europeenne"},"share_on_mastodon":{"url":"https:\/\/pubeurope.com\/@fr\/114983625318667082","error":""},"_links":{"self":[{"href":"https:\/\/www.europesays.com\/fr\/wp-json\/wp\/v2\/posts\/301148","targetHints":{"allow":["GET"]}}],"collection":[{"href":"https:\/\/www.europesays.com\/fr\/wp-json\/wp\/v2\/posts"}],"about":[{"href":"https:\/\/www.europesays.com\/fr\/wp-json\/wp\/v2\/types\/post"}],"author":[{"embeddable":true,"href":"https:\/\/www.europesays.com\/fr\/wp-json\/wp\/v2\/users\/2"}],"replies":[{"embeddable":true,"href":"https:\/\/www.europesays.com\/fr\/wp-json\/wp\/v2\/comments?post=301148"}],"version-history":[{"count":0,"href":"https:\/\/www.europesays.com\/fr\/wp-json\/wp\/v2\/posts\/301148\/revisions"}],"wp:featuredmedia":[{"embeddable":true,"href":"https:\/\/www.europesays.com\/fr\/wp-json\/wp\/v2\/media\/301149"}],"wp:attachment":[{"href":"https:\/\/www.europesays.com\/fr\/wp-json\/wp\/v2\/media?parent=301148"}],"wp:term":[{"taxonomy":"category","embeddable":true,"href":"https:\/\/www.europesays.com\/fr\/wp-json\/wp\/v2\/categories?post=301148"},{"taxonomy":"post_tag","embeddable":true,"href":"https:\/\/www.europesays.com\/fr\/wp-json\/wp\/v2\/tags?post=301148"}],"curies":[{"name":"wp","href":"https:\/\/api.w.org\/{rel}","templated":true}]}}