{"id":301156,"date":"2025-08-06T20:12:12","date_gmt":"2025-08-06T20:12:12","guid":{"rendered":"https:\/\/www.europesays.com\/fr\/301156\/"},"modified":"2025-08-06T20:12:12","modified_gmt":"2025-08-06T20:12:12","slug":"retour-en-terre-maudite-pour-la-memoire-et-la-justice","status":"publish","type":"post","link":"https:\/\/www.europesays.com\/fr\/301156\/","title":{"rendered":"retour en \u00ab\u00a0terre maudite\u00a0\u00bb pour la m\u00e9moire et la justice"},"content":{"rendered":"<p>Depuis que leur \u00ab\u00a0soleil est parti\u00a0\u00bb, il n\u2019y a pas qu\u2019en Afrique du Sud que le mois d\u2019ao\u00fbt est en hiver. \u00c0\u00a0quelque 9\u00a0000\u00a0km d\u2019Agen et des vagues de canicule, le temps s\u2019est fig\u00e9 au Cap pour la famille Narjissi, qui a ramen\u00e9 toute sa peine et sa col\u00e8re dans ses valises. Un an apr\u00e8s la disparition \u00e0 seulement 17\u00a0ans de leur fils Medhi, emport\u00e9 le 7\u00a0ao\u00fbt 2024 par une vague \u00e0 Dias Beach lors d\u2019une s\u00e9ance de r\u00e9cup\u00e9ration avec l\u2019\u00e9quipe de France U18 au large du cap de Bonne-Esp\u00e9rance, Val\u00e9rie et Jalil Narjissi sont de retour cette semaine au Cap avec sa s\u0153ur In\u00e8s et l\u2019une de ses tantes. \u00ab\u00a0Ce n\u2019est pas un voyage pour nous, c\u2019est un d\u00e9placement pour Medhi\u00a0\u00bb, insiste l\u2019ancien talonneur du SU Agen (2004-2016).<\/p>\n<blockquote><p>\u00ab\u00a0Ils ont jou\u00e9 avec la s\u00e9curit\u00e9 et la vie de nos enfants. Pour nous, c\u2019est un crime. Depuis, on ne vit plus\u00a0\u00bb<\/p><\/blockquote>\n<p>\u00ab\u00a0C\u2019est un endroit maudit pour nous, parce qu\u2019il y a eu des erreurs graves commises par des adultes qui avaient la responsabilit\u00e9 de mineurs.\u00a0\u00bb La plus terrible a \u00e9t\u00e9 la d\u00e9cision du pr\u00e9parateur physique Robin Ladauge de descendre sur une plage r\u00e9put\u00e9e comme l\u2019une des plus dangereuses au monde pour une s\u00e9ance de r\u00e9cup\u00e9ration improvis\u00e9e, alors que les U18 participaient \u00e0 une excursion dans la p\u00e9ninsule du Cap au cours d\u2019un jour \u00ab\u00a0off\u00a0\u00bb durant l\u2019International Series. Un tournoi lors duquel ils devaient affronter \u00e0 deux reprises l\u2019Afrique du Sud et l\u2019Angleterre. Il a vir\u00e9 au cauchemar. \u00ab\u00a0Ils ont jou\u00e9 avec la s\u00e9curit\u00e9 et la vie de nos enfants. Pour nous, c\u2019est un crime. Depuis, on ne vit plus.\u00a0\u00bb<\/p>\n<p>\u00ab\u00a0Pas un anniversaire\u00a0\u00bb<\/p>\n<p>Jeudi 31\u00a0juillet dernier, \u00e0 la veille du d\u00e9part, \u00e0 la terrasse du Caf\u00e9 de la Gare d\u2019Agen o\u00f9 il avait fait une derni\u00e8re bise \u00e0 son fils un an plus t\u00f4t et o\u00f9 il n\u2019\u00e9tait encore jamais revenu, Jalil Narjissi a pr\u00e9venu, \u00e9trangl\u00e9 par les sanglots\u00a0: \u00ab\u00a0On n\u2019y va pas pour un anniversaire.\u00a0\u00bb Non, il ne s\u2019agit pas non plus d\u2019un p\u00e8lerinage. Ils sont l\u00e0 avant tout pour honorer la m\u00e9moire de leur fils, dont le corps n\u2019a jamais \u00e9t\u00e9 retrouv\u00e9. \u00ab\u00a0On y va pour Medhi. C\u2019est l\u00e0 o\u00f9 \u00e7a s\u2019est pass\u00e9, c\u2019est l\u00e0 o\u00f9 il est. On n\u2019a que \u00e7a. On n\u2019a rien pour se recueillir, rien pour faire notre deuil, on ne l\u2019a jamais r\u00e9cup\u00e9r\u00e9. M\u00eame si c\u2019est tr\u00e8s dur et que je ne sais pas comment on va r\u00e9agir, il fallait y revenir. C\u2019est en nous. On avait besoin de faire quelque chose pour lui l\u00e0-bas.\u00a0\u00bb<\/p>\n<p>        <img decoding=\"async\" id=\"21090434\" src=\"https:\/\/www.europesays.com\/fr\/wp-content\/uploads\/2025\/08\/maxnewsspecial918070.jpg\" alt=\"Medhi Narjissi avait \u00e9t\u00e9 recrut\u00e9 par le Stade Toulousain apr\u00e8s sa formation au SU Agen.\" itemprop=\"contentURL\"\/><\/p>\n<p>    Medhi Narjissi avait \u00e9t\u00e9 recrut\u00e9 par le Stade Toulousain apr\u00e8s sa formation au SU Agen.<\/p>\n<p>NICOLAS NIEDERGAND \/ \u00ab\u00a0LA D\u00c9P\u00caCHE DU MIDI\u00a0\u00bb \/ MAXPPP<\/p>\n<p>La famille Narjissi a ainsi obtenu du patron du Parc national de la pointe du Cap et du chef des Rangers d\u2019installer un banc avec une plaque et la photo de Medhi juste au-dessus de Dias Beach, au d\u00e9part des marches qui m\u00e8nent \u00e0 l\u2019oc\u00e9an. \u00ab\u00a0\u00c7a fait cinq mois qu\u2019on bataille \u2013\u00a0avec l\u2019appui du consulat de France sur place\u00a0\u2013 pour n\u00e9gocier les autorisations dans cette r\u00e9serve prot\u00e9g\u00e9e. On va aussi les remercier.\u00a0\u00bb Depuis leur arriv\u00e9e au Cap, Val\u00e9rie, Jalil et In\u00e8s vont tous les jours marcher dans le parc national. Une c\u00e9r\u00e9monie d\u2019inauguration, dans la plus stricte intimit\u00e9, est pr\u00e9vue ce jeudi \u00e0 15\u00a0heures, \u00e0 l\u2019heure m\u00eame o\u00f9, il y a un an jour pour jour, Medhi et ses camarades ont pris ce sentier avant de se mettre \u00e0 l\u2019eau. Ce lieu de recueillement sera-t-il suffisant pour leur permettre d\u2019entamer enfin leur deuil\u00a0?<\/p>\n<p>Une nouvelle plainte<\/p>\n<p>L\u2019autre objectif de cette semaine au Cap, financ\u00e9e gr\u00e2ce \u00e0 la cagnotte lanc\u00e9e par le Stade Toulousain, est de poursuivre le combat judiciaire qui est d\u00e9sormais leur raison de vivre. \u00ab\u00a0Nous allons porter plainte contre le voyagiste, Fr\u00e9d\u00e9ric Plach\u00e9si, qui a encadr\u00e9 cette journ\u00e9e de d\u00e9couverte. C\u2019est un Fran\u00e7ais, et un ami proche de Robin Ladauge, qui poss\u00e8de des lodges (Tamboti Bush Lodge) \u00e0 Pretoria et encadre depuis sept ans les \u00e9quipes nationales en Afrique du Sud. Il conna\u00eet bien les lieux, il a sa responsabilit\u00e9 dans ce drame. Il aurait d\u00fb s\u2019opposer \u00e0 la mise \u00e0 l\u2019eau. Il dit qu\u2019il n\u2019a pas assist\u00e9 \u00e0 la baignade et qu\u2019il \u00e9tait parti m\u00e9diter sur un rocher, mais il a pris des photos de la s\u00e9ance depuis la falaise\u2026\u00a0\u00bb<\/p>\n<p>Le rendez-vous est fix\u00e9 \u00e0 ce vendredi avec le procureur depuis trois semaines. Mais Jalil Narjissi n\u2019est pas encore s\u00fbr qu\u2019il sera maintenu. Apr\u00e8s la mise en examen pour homicide involontaire du pr\u00e9parateur physique Robin Ladauge (le\u00a016\u00a0mai, plac\u00e9 sous contr\u00f4le judiciaire) puis du manager St\u00e9phane Cambos (le\u00a02\u00a0juin), la famille Narjissi le promet\u00a0: \u00ab\u00a0La cha\u00eene des responsabilit\u00e9s, \u00e7a sera du d\u00e9but jusqu\u2019\u00e0 la fin. Il faudra qu\u2019ils disent la v\u00e9rit\u00e9, parce qu\u2019on ne l\u00e2chera pas. On poursuivra notre combat jusqu\u2019au bout, pour la v\u00e9rit\u00e9, pour Medhi.\u00a0\u00bb Leur prochaine cible\u00a0? Le pr\u00e9sident de la F\u00e9d\u00e9ration fran\u00e7aise de rugby (FFR), Florian Grill. \u00ab\u00a0Il n\u2019a pas mis notre fils \u00e0 l\u2019eau, mais il est aussi responsable de ce drame. Il se d\u00e9fausse en disant beaucoup de mensonges et il a pr\u00e9f\u00e9r\u00e9 poursuivre les \u00e9lections f\u00e9d\u00e9rales plut\u00f4t que de nous accompagner l\u2019an dernier. Il doit assumer.\u00a0\u00bb<\/p>\n<p>Le magistrat d\u2019Agen Serge Rey \u00e9tant parti \u00e0 la retraite, une nouvelle juge d\u2019instruction entrera en fonction le 1er\u00a0septembre. \u00ab\u00a0On attend qu\u2019elle continue le tr\u00e8s bon travail de son pr\u00e9d\u00e9cesseur. On veut la v\u00e9rit\u00e9 et la justice pour Medhi. \u00c7a ne nous le ram\u00e8nera pas, mais j\u2019esp\u00e8re que \u00e7a d\u00e9bouchera sur un proc\u00e8s. Il y a la perte d\u2019un enfant et une famille d\u00e9truite. Nous, on a pris perp\u00e9tuit\u00e9.\u00a0\u00bb<\/p>\n","protected":false},"excerpt":{"rendered":"Depuis que leur \u00ab\u00a0soleil est parti\u00a0\u00bb, il n\u2019y a pas qu\u2019en Afrique du Sud que le mois d\u2019ao\u00fbt&hellip;\n","protected":false},"author":2,"featured_media":301157,"comment_status":"","ping_status":"","sticky":false,"template":"","format":"standard","meta":{"footnotes":""},"categories":[1416],"tags":[1011,27,479,1468,60],"class_list":{"0":"post-301156","1":"post","2":"type-post","3":"status-publish","4":"format-standard","5":"has-post-thumbnail","7":"category-rugby","8":"tag-fr","9":"tag-france","10":"tag-rugby","11":"tag-rugby-football","12":"tag-sports"},"share_on_mastodon":{"url":"https:\/\/pubeurope.com\/@fr\/114983648866503813","error":""},"_links":{"self":[{"href":"https:\/\/www.europesays.com\/fr\/wp-json\/wp\/v2\/posts\/301156","targetHints":{"allow":["GET"]}}],"collection":[{"href":"https:\/\/www.europesays.com\/fr\/wp-json\/wp\/v2\/posts"}],"about":[{"href":"https:\/\/www.europesays.com\/fr\/wp-json\/wp\/v2\/types\/post"}],"author":[{"embeddable":true,"href":"https:\/\/www.europesays.com\/fr\/wp-json\/wp\/v2\/users\/2"}],"replies":[{"embeddable":true,"href":"https:\/\/www.europesays.com\/fr\/wp-json\/wp\/v2\/comments?post=301156"}],"version-history":[{"count":0,"href":"https:\/\/www.europesays.com\/fr\/wp-json\/wp\/v2\/posts\/301156\/revisions"}],"wp:featuredmedia":[{"embeddable":true,"href":"https:\/\/www.europesays.com\/fr\/wp-json\/wp\/v2\/media\/301157"}],"wp:attachment":[{"href":"https:\/\/www.europesays.com\/fr\/wp-json\/wp\/v2\/media?parent=301156"}],"wp:term":[{"taxonomy":"category","embeddable":true,"href":"https:\/\/www.europesays.com\/fr\/wp-json\/wp\/v2\/categories?post=301156"},{"taxonomy":"post_tag","embeddable":true,"href":"https:\/\/www.europesays.com\/fr\/wp-json\/wp\/v2\/tags?post=301156"}],"curies":[{"name":"wp","href":"https:\/\/api.w.org\/{rel}","templated":true}]}}