{"id":301168,"date":"2025-08-06T20:20:20","date_gmt":"2025-08-06T20:20:20","guid":{"rendered":"https:\/\/www.europesays.com\/fr\/301168\/"},"modified":"2025-08-06T20:20:20","modified_gmt":"2025-08-06T20:20:20","slug":"les-galeries-dart-misent-sur-lancrage-local","status":"publish","type":"post","link":"https:\/\/www.europesays.com\/fr\/301168\/","title":{"rendered":"Les galeries d&rsquo;art misent sur l&rsquo;ancrage local"},"content":{"rendered":"<p>Toiles figuratives percutantes, sculptures n\u00e9on, collages en relief et objets d\u00e9routants\u00a0: dans le centre-ville de Porto-Vecchio, les cinq galeries d&rsquo;art ont toutes fait le pari assum\u00e9 du contemporain. Exit les paysages classiques &#8211; \u00ab\u00a0Le moderne, c&rsquo;est ce qui pla\u00eet le plus \u00e0 la client\u00e8le\u00a0\u00bb, glisse Yves, qui tient Au 8, galerie d&rsquo;art.<\/p>\n<p>Certains de ces marchands d&rsquo;art ont pos\u00e9 leurs valises il y a plus de vingt ans, d&rsquo;autres viennent \u00e0 peine de s&rsquo;installer dans la cit\u00e9 du sel. C&rsquo;est le cas de Patricia, collectionneuse passionn\u00e9e, qui a ouvert Art&rsquo;Zzura il y a trois ans. Elle tient \u00e0 exposer des artistes insulaires &#8211; la moiti\u00e9 de sa s\u00e9lection &#8211; mais ses ventes, elles, se font surtout aupr\u00e8s des touristes. \u00ab\u00a0Ils passent, fl\u00e2nent un peu\u2026 et \u00e7a marche vraiment au coup de c\u0153ur\u00a0!\u00a0\u00bb, sourit-elle.<\/p>\n<p>L&rsquo;art \u00e0 l&rsquo;heure de l&rsquo;inflation<\/p>\n<p>C\u00f4t\u00e9 prix, la plupart des \u0153uvres d\u00e9marrent autour de 500\u00a0euros et peuvent grimper jusqu&rsquo;\u00e0 plusieurs dizaines de milliers d&rsquo;euros, selon la cote de l&rsquo;artiste, le format ou la technique. \u00ab\u00a0Il y a un certain potentiel \u00e0 Porto-Vecchio. On a pas mal de r\u00e9sidences secondaires, avec des gens qui ont les moyens de les d\u00e9corer avec go\u00fbt\u00a0\u00bb, glisse le propri\u00e9taire d&rsquo;Au 8.<\/p>\n<p>Pourtant, dans les faits, l&rsquo;inflation est pass\u00e9e par l\u00e0, et le march\u00e9 de l&rsquo;art accuse lui aussi le coup. La patronne d&rsquo;Art&rsquo;Zzura s&rsquo;est lanc\u00e9e dans une p\u00e9riode de tension \u00e9conomique. Un pari risqu\u00e9. \u00ab\u00a0Ce n&rsquo;est pas toujours \u00e9vident\u00a0: depuis trois ans, les gens surveillent plus leurs d\u00e9penses, et l&rsquo;art reste un achat non essentiel\u00a0\u00bb, constate-t-elle.<\/p>\n","protected":false},"excerpt":{"rendered":"Toiles figuratives percutantes, sculptures n\u00e9on, collages en relief et objets d\u00e9routants\u00a0: dans le centre-ville de Porto-Vecchio, les cinq&hellip;\n","protected":false},"author":2,"featured_media":301169,"comment_status":"","ping_status":"","sticky":false,"template":"","format":"standard","meta":{"footnotes":""},"categories":[1358],"tags":[17,1348,1384,1385,44113,1386,58,59,1011,27,7455,44114,151,17384,5626,104,3356],"class_list":{"0":"post-301168","1":"post","2":"type-post","3":"status-publish","4":"format-standard","5":"has-post-thumbnail","7":"category-arts-et-design","8":"tag-17","9":"tag-arts","10":"tag-arts-and-design","11":"tag-arts-et-design","12":"tag-dart","13":"tag-design","14":"tag-divertissement","15":"tag-entertainment","16":"tag-fr","17":"tag-france","18":"tag-galeries","19":"tag-lancrage","20":"tag-les","21":"tag-misent","22":"tag-porto-vecchio","23":"tag-societe","24":"tag-sur"},"share_on_mastodon":{"url":"https:\/\/pubeurope.com\/@fr\/114983680268063337","error":""},"_links":{"self":[{"href":"https:\/\/www.europesays.com\/fr\/wp-json\/wp\/v2\/posts\/301168","targetHints":{"allow":["GET"]}}],"collection":[{"href":"https:\/\/www.europesays.com\/fr\/wp-json\/wp\/v2\/posts"}],"about":[{"href":"https:\/\/www.europesays.com\/fr\/wp-json\/wp\/v2\/types\/post"}],"author":[{"embeddable":true,"href":"https:\/\/www.europesays.com\/fr\/wp-json\/wp\/v2\/users\/2"}],"replies":[{"embeddable":true,"href":"https:\/\/www.europesays.com\/fr\/wp-json\/wp\/v2\/comments?post=301168"}],"version-history":[{"count":0,"href":"https:\/\/www.europesays.com\/fr\/wp-json\/wp\/v2\/posts\/301168\/revisions"}],"wp:featuredmedia":[{"embeddable":true,"href":"https:\/\/www.europesays.com\/fr\/wp-json\/wp\/v2\/media\/301169"}],"wp:attachment":[{"href":"https:\/\/www.europesays.com\/fr\/wp-json\/wp\/v2\/media?parent=301168"}],"wp:term":[{"taxonomy":"category","embeddable":true,"href":"https:\/\/www.europesays.com\/fr\/wp-json\/wp\/v2\/categories?post=301168"},{"taxonomy":"post_tag","embeddable":true,"href":"https:\/\/www.europesays.com\/fr\/wp-json\/wp\/v2\/tags?post=301168"}],"curies":[{"name":"wp","href":"https:\/\/api.w.org\/{rel}","templated":true}]}}