{"id":30117,"date":"2025-04-16T22:25:23","date_gmt":"2025-04-16T22:25:23","guid":{"rendered":"https:\/\/www.europesays.com\/fr\/30117\/"},"modified":"2025-04-16T22:25:23","modified_gmt":"2025-04-16T22:25:23","slug":"les-passagers-grenoblois-champions-de-loubli-dans-les-uber","status":"publish","type":"post","link":"https:\/\/www.europesays.com\/fr\/30117\/","title":{"rendered":"les passagers grenoblois champions de l\u2019oubli dans les Uber"},"content":{"rendered":"<p>Cl\u00e9s, portefeuilles, t\u00e9l\u00e9phones\u2026 et m\u00eame une serpilli\u00e8re. Les passagers grenoblois n\u2019ont visiblement pas le souvenir tr\u00e8s tenace. Selon Uber, Grenoble figure en t\u00eate du top 5 des villes fran\u00e7aises o\u00f9 les objets sont le plus souvent oubli\u00e9s dans leurs v\u00e9hicules.<\/p>\n<p>Deux chats, une dent en or\u00a0et un bidon d\u2019eau b\u00e9nite<\/p>\n<p>Chaque ann\u00e9e, la plateforme publie son classement des objets \u00e9gar\u00e9s, et des plus insolites r\u00e9cup\u00e9r\u00e9s par ses chauffeurs. En 2024, ce sont deux chats, une dent en or, un bidon d\u2019eau b\u00e9nite de Lourdes ou encore un masque d\u2019Iron Man qui ont \u00e9t\u00e9 r\u00e9clam\u00e9s par des passagers. Fort heureusement pour les deux f\u00e9lins, tous ces objets ont \u00e9t\u00e9 r\u00e9clam\u00e9s par leurs propri\u00e9taires.<\/p>\n<p>Les soir\u00e9es du week-end restent, selon Uber, les moments les plus propices aux oublis.<\/p>\n<p>Et pour les Grenoblois les plus distraits, pas d\u2019inqui\u00e9tude\u00a0: l\u2019application permet de contacter le chauffeur directement \u2013 \u00e0 condition que ce ne soit pas justement votre t\u00e9l\u00e9phone qui soit rest\u00e9 sur la banquette arri\u00e8re\u2026<\/p>\n","protected":false},"excerpt":{"rendered":"Cl\u00e9s, portefeuilles, t\u00e9l\u00e9phones\u2026 et m\u00eame une serpilli\u00e8re. Les passagers grenoblois n\u2019ont visiblement pas le souvenir tr\u00e8s tenace. Selon&hellip;\n","protected":false},"author":2,"featured_media":30118,"comment_status":"","ping_status":"","sticky":false,"template":"","format":"standard","meta":{"footnotes":""},"categories":[9566],"tags":[1111,11,2430,112,1777,674,107,1011,27,2731,2732,1757,108,12,25,800],"class_list":{"0":"post-30117","1":"post","2":"type-post","3":"status-publish","4":"format-standard","5":"has-post-thumbnail","7":"category-grenoble","8":"tag-actu","9":"tag-actualites","10":"tag-auvergne-rhone-alpes","11":"tag-edition-grenoble-agglomeration","12":"tag-eu","13":"tag-europe","14":"tag-fil-info","15":"tag-fr","16":"tag-france","17":"tag-grenoble","18":"tag-grenoble-bassin","19":"tag-insolite","20":"tag-isere","21":"tag-news","22":"tag-republique-francaise","23":"tag-transports"},"share_on_mastodon":{"url":"https:\/\/pubeurope.com\/@fr\/114349993063613454","error":""},"_links":{"self":[{"href":"https:\/\/www.europesays.com\/fr\/wp-json\/wp\/v2\/posts\/30117","targetHints":{"allow":["GET"]}}],"collection":[{"href":"https:\/\/www.europesays.com\/fr\/wp-json\/wp\/v2\/posts"}],"about":[{"href":"https:\/\/www.europesays.com\/fr\/wp-json\/wp\/v2\/types\/post"}],"author":[{"embeddable":true,"href":"https:\/\/www.europesays.com\/fr\/wp-json\/wp\/v2\/users\/2"}],"replies":[{"embeddable":true,"href":"https:\/\/www.europesays.com\/fr\/wp-json\/wp\/v2\/comments?post=30117"}],"version-history":[{"count":0,"href":"https:\/\/www.europesays.com\/fr\/wp-json\/wp\/v2\/posts\/30117\/revisions"}],"wp:featuredmedia":[{"embeddable":true,"href":"https:\/\/www.europesays.com\/fr\/wp-json\/wp\/v2\/media\/30118"}],"wp:attachment":[{"href":"https:\/\/www.europesays.com\/fr\/wp-json\/wp\/v2\/media?parent=30117"}],"wp:term":[{"taxonomy":"category","embeddable":true,"href":"https:\/\/www.europesays.com\/fr\/wp-json\/wp\/v2\/categories?post=30117"},{"taxonomy":"post_tag","embeddable":true,"href":"https:\/\/www.europesays.com\/fr\/wp-json\/wp\/v2\/tags?post=30117"}],"curies":[{"name":"wp","href":"https:\/\/api.w.org\/{rel}","templated":true}]}}