{"id":301170,"date":"2025-08-06T20:21:09","date_gmt":"2025-08-06T20:21:09","guid":{"rendered":"https:\/\/www.europesays.com\/fr\/301170\/"},"modified":"2025-08-06T20:21:09","modified_gmt":"2025-08-06T20:21:09","slug":"un-60e-ouvrage-pour-jean-guy-poitras","status":"publish","type":"post","link":"https:\/\/www.europesays.com\/fr\/301170\/","title":{"rendered":"Un 60e ouvrage pour Jean-Guy Poitras"},"content":{"rendered":"<p>Jean-Guy Poitras a r\u00e9cemment lanc\u00e9 un livre au sujet des sports au campus d\u2019Edmundston de l\u2019Universit\u00e9 de Moncton. Auteur de nombreuses publications dans le domaine des sports et de la g\u00e9n\u00e9alogie, cet ouvrage est le plus r\u00e9cent des 60\u00a0volumes qu\u2019il a publi\u00e9s au cours de sa carri\u00e8re.<\/p>\n<p>Dans son plus r\u00e9cent ouvrage, M. Poitras couvre une p\u00e9riode qui commence en 1962 pour se terminer en 2009. Ces dates marquent le d\u00e9but de la construction d\u2019une salle de spectacle, \u00e9ventuellement transform\u00e9 en gymnase, et sa d\u00e9molition, 47\u00a0ans plus tard.<\/p>\n<p>L\u2019auteur admet que ces dates rev\u00eatent \u00e9galement un caract\u00e8re personnel puisqu\u2019elles marquent, respectivement, ses d\u00e9buts en tant qu\u2019\u00e9tudiant \u00e0 Edmundston et sa retraite en tant que professeur \u00e0 l\u2019Universit\u00e9 de Moncton, campus d\u2019Edmundston.<\/p>\n<p>M. Poitras a mentionn\u00e9 qu\u2019il avait d\u00e9j\u00e0 publi\u00e9 un livre au sujet des sports \u00e9tudiants au campus d\u2019Edmundston, mais qui couvrait une tranche d\u2019histoire se situant entre 1946 et 1962.<\/p>\n<p>\u00abJ\u2019h\u00e9sitais \u00e0 faire la suite, mais, \u00e0 mon \u00e2ge, j\u2019avais recueilli beaucoup d\u2019informations, avec des photos. Je me suis dit que, si je ne faisais rien avec ces choses-l\u00e0, \u00e7a allait dispara\u00eetre\u00bb, raconte Jean-Guy Poitras.<\/p>\n<p>Pour avoir l\u2019ouvrage le plus complet possible, il est entr\u00e9 en contact avec environ 150\u00a0anciens \u00e9tudiants. Il avait aussi des extraits de journaux et de communiqu\u00e9s de presse qui ont \u00e9t\u00e9 r\u00e9dig\u00e9s \u00e0 l\u2019\u00e9poque. Il a inclus pr\u00e8s de 500\u00a0photos dans ce volume de 343\u00a0pages.<\/p>\n<p>Le livre est compos\u00e9 de 35\u00a0chapitres. Chaque chapitre est consacr\u00e9 \u00e0 un sport diff\u00e9rent, qu\u2019il soit masculin ou f\u00e9minin.<\/p>\n<p>L\u2019auteur fait remarquer qu\u2019il y avait beaucoup plus de sports diff\u00e9rents dans les ann\u00e9es 1960 et 1970. Le hockey y \u00e9tait pr\u00e9dominant, mais on y trouve une panoplie de sports comme le cyclisme, l\u2019athl\u00e9tisme, le badminton, le volleyball, le baseball, le soccer, le curling, l\u2019ultimate frisbee, etc.<\/p>\n<p>Au cours de sa prolifique carri\u00e8re, Jean-Guy Poitras a publi\u00e9 une quarantaine d\u2019ouvrages en g\u00e9n\u00e9alogie, ainsi que d\u2019autres bouquins dans le domaine des sports et de l\u2019\u00e9ducation physique. Son travail dans le domaine de la g\u00e9n\u00e9alogie lui a valu certaines distinctions de la Soci\u00e9t\u00e9 g\u00e9n\u00e9alogique canadienne-fran\u00e7aise.<\/p>\n<p>Il a r\u00e9dig\u00e9 son premier ouvrage en 1978.<\/p>\n<p>\u00ab\u00c7a fait de bonnes briques qui ont demand\u00e9 beaucoup de temps de recherche dans les archives et tout \u00e7a.\u00bb<\/p>\n<p>Jean-Guy Poitras est professeur \u00e9m\u00e9rite en \u00e9ducation de l\u2019Universit\u00e9 de Moncton, campus d\u2019Edmundston. Au fil des ann\u00e9es, il s\u2019est impliqu\u00e9 au sein de nombreuses activit\u00e9s du campus d\u2019Edmundston, soit comme \u00e9tudiant, professeur ou administrateur.<\/p>\n<p>Il a \u00e9t\u00e9 actif dans plusieurs organisations sociales et sportives, mais il a \u00e9t\u00e9 beaucoup reconnu en badminton puisqu\u2019il a \u00e9t\u00e9 arbitre pendant de nombreuses ann\u00e9es. Il a pris part aux Jeux olympiques, aux Jeux du Commonwealth et \u00e0 plusieurs championnats du monde.<\/p>\n<p>Son implication dans le domaine des sports lui a permis d\u2019\u00eatre intronis\u00e9 comme b\u00e2tisseur au Temple de la renomm\u00e9e sportive du Nouveau-Brunswick en 2006 et au Temple de la renomm\u00e9e sportive de Badminton Canada en 2016. De plus, il a re\u00e7u la reconnaissance \u00abLifetime Achievement Award\u00bb de la F\u00e9d\u00e9ration mondiale de badminton \u00e0 Nanning, en Chine, en 2019.<\/p>\n","protected":false},"excerpt":{"rendered":"Jean-Guy Poitras a r\u00e9cemment lanc\u00e9 un livre au sujet des sports au campus d\u2019Edmundston de l\u2019Universit\u00e9 de Moncton.&hellip;\n","protected":false},"author":2,"featured_media":301171,"comment_status":"","ping_status":"","sticky":false,"template":"","format":"standard","meta":{"footnotes":""},"categories":[1357],"tags":[1379,58,59,1011,27,44115,937,1380,44116],"class_list":{"0":"post-301170","1":"post","2":"type-post","3":"status-publish","4":"format-standard","5":"has-post-thumbnail","7":"category-livres","8":"tag-books","9":"tag-divertissement","10":"tag-entertainment","11":"tag-fr","12":"tag-france","13":"tag-genealogie","14":"tag-histoire","15":"tag-livres","16":"tag-universite-de-moncton"},"share_on_mastodon":{"url":"https:\/\/pubeurope.com\/@fr\/114983684260967624","error":""},"_links":{"self":[{"href":"https:\/\/www.europesays.com\/fr\/wp-json\/wp\/v2\/posts\/301170","targetHints":{"allow":["GET"]}}],"collection":[{"href":"https:\/\/www.europesays.com\/fr\/wp-json\/wp\/v2\/posts"}],"about":[{"href":"https:\/\/www.europesays.com\/fr\/wp-json\/wp\/v2\/types\/post"}],"author":[{"embeddable":true,"href":"https:\/\/www.europesays.com\/fr\/wp-json\/wp\/v2\/users\/2"}],"replies":[{"embeddable":true,"href":"https:\/\/www.europesays.com\/fr\/wp-json\/wp\/v2\/comments?post=301170"}],"version-history":[{"count":0,"href":"https:\/\/www.europesays.com\/fr\/wp-json\/wp\/v2\/posts\/301170\/revisions"}],"wp:featuredmedia":[{"embeddable":true,"href":"https:\/\/www.europesays.com\/fr\/wp-json\/wp\/v2\/media\/301171"}],"wp:attachment":[{"href":"https:\/\/www.europesays.com\/fr\/wp-json\/wp\/v2\/media?parent=301170"}],"wp:term":[{"taxonomy":"category","embeddable":true,"href":"https:\/\/www.europesays.com\/fr\/wp-json\/wp\/v2\/categories?post=301170"},{"taxonomy":"post_tag","embeddable":true,"href":"https:\/\/www.europesays.com\/fr\/wp-json\/wp\/v2\/tags?post=301170"}],"curies":[{"name":"wp","href":"https:\/\/api.w.org\/{rel}","templated":true}]}}