{"id":301172,"date":"2025-08-06T20:22:11","date_gmt":"2025-08-06T20:22:11","guid":{"rendered":"https:\/\/www.europesays.com\/fr\/301172\/"},"modified":"2025-08-06T20:22:11","modified_gmt":"2025-08-06T20:22:11","slug":"la-chaine-claires-en-faillite-aux-etats-unis-et-dans-plusieurs-pays-actualites","status":"publish","type":"post","link":"https:\/\/www.europesays.com\/fr\/301172\/","title":{"rendered":"La cha\u00eene Claire&rsquo;s en faillite aux Etats-Unis et dans plusieurs pays : Actualit\u00e9s"},"content":{"rendered":"<p class=\"lead \">Le groupe de bijoux fantaisie Claire&rsquo;s a plac\u00e9 mercredi sous la protection de la loi am\u00e9ricaine sur les faillites, dite Chapter 11, ses activit\u00e9s am\u00e9ricaines et plusieurs de ses filiales op\u00e9rant des magasins sous enseigne Claire&rsquo;s et Icing.<\/p>\n<p class=\"lead \">Il a pr\u00e9cis\u00e9 dans un communiqu\u00e9 qu&rsquo;une proc\u00e9dure en ce sens allait \u00e9galement \u00eatre initi\u00e9e au Canada, sans donner de pr\u00e9cision sur le calendrier.<\/p>\n<p class=\"lead \">Les magasins vont rester ouverts et les employ\u00e9s vont continuer d&rsquo;\u00eatre pay\u00e9s, a-t-il relev\u00e9.<\/p>\n<p class=\"lead \">Sa filiale fran\u00e7aise a d\u00e9j\u00e0 \u00e9t\u00e9 plac\u00e9e en redressement judiciaire en juillet, a indiqu\u00e9 \u00e0 l&rsquo;AFP l&rsquo;avocat des repr\u00e9sentants du personnel.<\/p>\n<p class=\"lead \">La d\u00e9cision d&rsquo;engager une proc\u00e9dure de faillite aux Etats-Unis \u00ab\u00a0est difficile mais n\u00e9cessaire\u00a0\u00bb, a affirm\u00e9 Chris Cramer, patron de Claire&rsquo;s depuis juin 2024, cit\u00e9 dans un communiqu\u00e9.<\/p>\n<p class=\"lead \">\u00ab\u00a0Une concurrence accrue, les tendances de d\u00e9penses des consommateurs et la prise de distance continue avec le commerce de rue, associ\u00e9s \u00e0 nos obligations actuelles en mati\u00e8re d&rsquo;endettement et les facteurs macro\u00e9conomiques, n\u00e9cessitent cette mesure\u00a0\u00bb, a-t-il poursuivi.<\/p>\n<p class=\"lead \">\u00ab\u00a0Nous continuons de mener des discussions actives avec de potentiels partenaires strat\u00e9giques et financiers\u00a0\u00bb, a-t-il assur\u00e9, \u00e9voquant la d\u00e9termination des dirigeants \u00e0 mener \u00e0 bien une \u00ab\u00a0revue des alternatives strat\u00e9giques\u00a0\u00bb.<\/p>\n<p class=\"lead \">Pour Neil Saunders, directeur chez GlobalData, cette faillite \u00ab\u00a0n&rsquo;est pas vraiment une surprise. La cha\u00eene est submerg\u00e9e par un cocktail de probl\u00e8mes, \u00e0 la fois internes et externes, qui rendent sa rentabilit\u00e9 impossible\u00a0\u00bb.<\/p>\n<p class=\"lead \">\u00ab\u00a0Se r\u00e9inventer sera difficile dans l&rsquo;environnement actuel\u00a0\u00bb, a-t-il estim\u00e9.<\/p>\n<p class=\"lead \">Les nouveaux droits de douane am\u00e9ricains semblent \u00eatre la goutte de trop, que \u00ab\u00a0Claire&rsquo;s n&rsquo;est pas en mesure de g\u00e9rer efficacement\u00a0\u00bb, ajoute-t-il, mentionnant aussi la concurrence de nouveaux acteurs ciblant sa jeune client\u00e8le traditionnelle, comme Lovisa, ou le commerce sur internet avec Amazon en t\u00eate de gondole.<\/p>\n<p class=\"lead \">C&rsquo;est la seconde fois que Claire&rsquo;s se place sous la protection du Chapter 11. En 2018, elle avait d\u00e9j\u00e0 utilis\u00e9 ce dispositif pour r\u00e9duire une dette colossale de 2,1 milliards de dollars.<\/p>\n<p class=\"lead \">Cr\u00e9\u00e9e en 1961, Claire&rsquo;s avait \u00e9t\u00e9 rachet\u00e9 en 2007 par la soci\u00e9t\u00e9 d&rsquo;investissements Apollo Global Management.<\/p>\n<p class=\"lead \">&#8211; Environ 3.000 boutiques &#8211;<\/p>\n<p class=\"lead \">D&rsquo;apr\u00e8s les dizaines de documents d\u00e9pos\u00e9s mercredi aupr\u00e8s d&rsquo;un tribunal des faillites de l&rsquo;Etat du Delaware, la soci\u00e9t\u00e9 d&rsquo;investissements Elliott Management est d\u00e9sormais son plus gros actionnaire avec une participation cumul\u00e9e d&rsquo;au moins 39,61%.<\/p>\n<p class=\"lead \">Dans ces centaines de pages, elle pr\u00e9cise notamment employer environ 7.000 personnes aux Etats-Unis dont environ 2.000 \u00e0 temps plein et y disposer d&rsquo;un r\u00e9seau de 1.350 boutiques. Et sa dette est comprise entre un et dix milliards de dollars, dont plus de 600 millions arrivant \u00e0 \u00e9ch\u00e9ance en 2026.<\/p>\n<p class=\"lead \">Selon le site internet de Claire&rsquo;s, le groupe op\u00e8re au total plus de 2.750 magasins \u00e0 son nom dans dix-sept pays d&rsquo;Am\u00e9rique du Nord et d&rsquo;Europe ainsi que 190 magasins Icing en Am\u00e9rique du Nord.<\/p>\n<p class=\"lead \">Il dispose aussi de plus de 300 magasins franchis\u00e9s au Moyen-Orient et en Afrique du Sud et vend ses produits dans des milliers de concessions dans le monde.<\/p>\n<p class=\"lead \">Les derniers r\u00e9sultats disponibles sur son site portaient sur l&rsquo;exercice fiscal 2021, il s&rsquo;agissait alors de donn\u00e9es pr\u00e9liminaires non audit\u00e9es: le groupe pr\u00e9voyait des ventes nettes de 1,39 milliard de dollars et un r\u00e9sultat op\u00e9rationnel \u00e0 donn\u00e9es comparables entre 273 et 277 millions.<\/p>\n<p class=\"lead \">Sollicit\u00e9 par l&rsquo;AFP concernant notamment des donn\u00e9es plus r\u00e9centes, le groupe n&rsquo;a pas \u00e9t\u00e9 en mesure d&rsquo;en fournir \u00e0 ce stade.<\/p>\n<p class=\"lead \">En France, le tribunal des activit\u00e9s \u00e9conomiques de Paris a ouvert le 24 juillet une proc\u00e9dure de redressement judiciaire, avec une p\u00e9riode d&rsquo;observation de six mois, selon l&rsquo;avocat interrog\u00e9 par l&rsquo;AFP quelques jours plus tard.<\/p>\n<p class=\"lead \">A l&rsquo;issue de cette p\u00e9riode d&rsquo;observation, le tribunal d\u00e9cidera si un plan de continuation est possible, avec un \u00e9ventuel repreneur, ou si une liquidation judiciaire, synonyme de cessation d&rsquo;activit\u00e9, doit \u00eatre prononc\u00e9e.  <\/p>\n<p class=\"small font-weight-bold text-gray3 \"> publi\u00e9 le 6 ao\u00fbt \u00e0 20h23, AFP<\/p>\n<p>                             Partager<\/p>\n","protected":false},"excerpt":{"rendered":"Le groupe de bijoux fantaisie Claire&rsquo;s a plac\u00e9 mercredi sous la protection de la loi am\u00e9ricaine sur les&hellip;\n","protected":false},"author":2,"featured_media":301173,"comment_status":"","ping_status":"","sticky":false,"template":"","format":"standard","meta":{"footnotes":""},"categories":[1356],"tags":[574,130,58,59,313,36506,3531,1011,27,4897,985,252,1364,308],"class_list":{"0":"post-301172","1":"post","2":"type-post","3":"status-publish","4":"format-standard","5":"has-post-thumbnail","7":"category-television","8":"tag-canada","9":"tag-consommation","10":"tag-divertissement","11":"tag-entertainment","12":"tag-entreprises","13":"tag-faillite","14":"tag-financement","15":"tag-fr","16":"tag-france","17":"tag-joaillerie","18":"tag-mode","19":"tag-television","20":"tag-tv","21":"tag-usa"},"share_on_mastodon":{"url":"https:\/\/pubeurope.com\/@fr\/114983688226099213","error":""},"_links":{"self":[{"href":"https:\/\/www.europesays.com\/fr\/wp-json\/wp\/v2\/posts\/301172","targetHints":{"allow":["GET"]}}],"collection":[{"href":"https:\/\/www.europesays.com\/fr\/wp-json\/wp\/v2\/posts"}],"about":[{"href":"https:\/\/www.europesays.com\/fr\/wp-json\/wp\/v2\/types\/post"}],"author":[{"embeddable":true,"href":"https:\/\/www.europesays.com\/fr\/wp-json\/wp\/v2\/users\/2"}],"replies":[{"embeddable":true,"href":"https:\/\/www.europesays.com\/fr\/wp-json\/wp\/v2\/comments?post=301172"}],"version-history":[{"count":0,"href":"https:\/\/www.europesays.com\/fr\/wp-json\/wp\/v2\/posts\/301172\/revisions"}],"wp:featuredmedia":[{"embeddable":true,"href":"https:\/\/www.europesays.com\/fr\/wp-json\/wp\/v2\/media\/301173"}],"wp:attachment":[{"href":"https:\/\/www.europesays.com\/fr\/wp-json\/wp\/v2\/media?parent=301172"}],"wp:term":[{"taxonomy":"category","embeddable":true,"href":"https:\/\/www.europesays.com\/fr\/wp-json\/wp\/v2\/categories?post=301172"},{"taxonomy":"post_tag","embeddable":true,"href":"https:\/\/www.europesays.com\/fr\/wp-json\/wp\/v2\/tags?post=301172"}],"curies":[{"name":"wp","href":"https:\/\/api.w.org\/{rel}","templated":true}]}}