{"id":301174,"date":"2025-08-06T20:23:10","date_gmt":"2025-08-06T20:23:10","guid":{"rendered":"https:\/\/www.europesays.com\/fr\/301174\/"},"modified":"2025-08-06T20:23:10","modified_gmt":"2025-08-06T20:23:10","slug":"lenie-star-academy-emue-par-cette-grande-premiere-dans-sa-carriere","status":"publish","type":"post","link":"https:\/\/www.europesays.com\/fr\/301174\/","title":{"rendered":"L\u00e9nie (Star Academy) \u00e9mue par cette grande premi\u00e8re dans sa carri\u00e8re"},"content":{"rendered":"<p><img decoding=\"async\" src=\"https:\/\/www.europesays.com\/fr\/wp-content\/uploads\/2025\/08\/photo_1754402237.jpg\" class=\"textcenter img-content\" loading=\"lazy\"\/>Bestimage<br \/>\n<br \/>\nAnd <a href=\"https:\/\/www.chartsinfrance.net\/Danse-Avec-Les-Stars\/news-132374.html\" target=\"_blank\" class=\"spip_out\" rel=\"nofollow noopener\">the winner is&#8230; L\u00e9nie<\/a> ! Le 25 avril en direct sur TF1, la chanteuse de 20 ans <a href=\"https:\/\/www.chartsinfrance.net\/Danse-Avec-Les-Stars\/news-132380.html\" target=\"_blank\" class=\"spip_out\" rel=\"nofollow noopener\">remportait la saison 14 de \u00ab\u00a0Danse avec les stars\u00a0\u00bb<\/a> devant 3,55 millions de t\u00e9l\u00e9spectateurs. Un v\u00e9ritable accomplissement pour la jeune artiste r\u00e9v\u00e9l\u00e9e un an plus t\u00f4t \u00e0 la \u00ab\u00a0Star Academy\u00a0\u00bb, qui aura v\u00e9cu trois mois remplis de d\u00e9fis. \u00ab J&rsquo;ai gagn\u00e9 en maturit\u00e9 et en connaissance de moi-m\u00eame. J&rsquo;ai aussi pris conscience que j&rsquo;\u00e9tais capable d&rsquo;\u00eatre f\u00e9minine et de m&rsquo;assumer telle que je suis. J&rsquo;ai aussi appris \u00e0 me faire confiance. En fait, \u00e7a m&rsquo;a fait grandir \u00bb r\u00e9agissait-elle dans les pages de <a href=\"https:\/\/www.gala.fr\/l_actu\/news_de_stars\/interview-lenie-gagnante-de-danse-avec-les-stars-c-est-une-revanche-et-j-en-suis-fiere-20250426\" target=\"_blank\" class=\"spip_out\" rel=\"nofollow noopener\">Gala<\/a>, en faisant le point sur ses projets futurs concernant la musique. \u00ab Je veux trouver encore plus ma direction artistique. Je vais donc me poser et prendre le temps de r\u00e9fl\u00e9chir pour y arriver. Par la suite, ce serait de cr\u00e9er un album qui me ressemble. Je veux \u00eatre 100% connect\u00e9e avec moi-m\u00eame et avec les gens \u00bb a-t-elle promis.<\/p>\n<p>Le player Dailymotion est en train de se charger&#8230;<\/p>\n<blockquote class=\"quote\"><p><b>\u00c0 LIRE &#8211;<\/b> <a href=\"https:\/\/www.chartsinfrance.net\/actualite\/news-133384.html\" target=\"_blank\" class=\"spip_out\" rel=\"nofollow noopener\">\u00ab\u00a0Beaucoup de situations ont \u00e9t\u00e9 dures\u00a0\u00bb : Lenie cash sur sa carri\u00e8re<\/a><\/p><\/blockquote>\n<p>\n\u00ab\u00a0L\u00e9nie, c&rsquo;est ma grande petite soeur\u00a0\u00bb<br \/>\nSigne du nouvel \u00e9tat d&rsquo;esprit qui anime l&rsquo;interpr\u00e8te de <a href=\"https:\/\/www.chartsinfrance.net\/Star-Academy\/news-129992.html\" target=\"_blank\" class=\"spip_out\" rel=\"nofollow noopener\">\u00ab\u00a0Sans toi\u00a0\u00bb<\/a>, le single \u00ab\u00a0\u00c0 tes c\u00f4t\u00e9s\u00a0\u00bb marque un virage afro-pop aux c\u00f4t\u00e9s de Jungeli, qu&rsquo;elle a justement connu sur le parquet de \u00ab\u00a0DALS\u00a0\u00bb. Et la collaboration entre l&rsquo;ex-acad\u00e9micienne et le prodige de 16 ans derri\u00e8re le tube <a href=\"https:\/\/www.chartsinfrance.net\/Jungeli\/news-126363.html\" target=\"_blank\" class=\"spip_out\" rel=\"nofollow noopener\">\u00ab\u00a0Petit g\u00e9nie\u00a0\u00bb<\/a> a fait des \u00e9tincelles ! Port\u00e9e par la vitrine de l&rsquo;\u00e9mission et une promotion efficace sur les r\u00e9seaux sociaux, le titre uptempo s&rsquo;est transform\u00e9 en tube du printemps. \u00ab C&rsquo;est ma grande petite soeur ! On ne va pas se le cacher, c&rsquo;est l&rsquo;hymne de cette promo 2025. C&rsquo;est vraiment la chanson qui repr\u00e9sente l&rsquo;\u00e9nergie et l&rsquo;amour qui r\u00e9gnait dans les coulisses de \u00ab\u00a0Danse avec les stars\u00a0\u00bb cette ann\u00e9e \u00bb atteste Jungeli sur <a href=\"https:\/\/www.nrj.fr\/actus\/musique\/lenie-et-jungeli-a-tes-cotes-ils-nous-devoilent-les-coulisses-de-leur-duo-magique-71364748\" target=\"_blank\" class=\"spip_out\" rel=\"nofollow noopener\">NRJ<\/a>, alors que le tandem a eu l&rsquo;occasion de d\u00e9fendre leur duo sur les concerts du NRJ Music Tour. Des efforts qui ont pay\u00e9 !<\/p>\n<blockquote class=\"instagram-media\" data-instgrm-captioned=\"\" data-instgrm-permalink=\"https:\/\/www.instagram.com\/p\/DM7vRQkCtxn\/?utm_source=ig_embed&amp;utm_campaign=loading\" data-instgrm-version=\"14\" style=\" background:#FFF; border:0; border-radius:3px; box-shadow:0 0 1px 0 rgba(0,0,0,0.5),0 1px 10px 0 rgba(0,0,0,0.15); margin: 1px; max-width:540px; min-width:326px; padding:0; width:99.375%; width:-webkit-calc(100% - 2px); width:calc(100% - 2px);\"\/>\n<p>En effet comme l&rsquo;annonce le syndicat national de l&rsquo;\u00e9dition phonographique (SNEP) qui r\u00e9git le march\u00e9 de la musique en France, \u00ab\u00a0\u00c0 tes c\u00f4t\u00e9s\u00a0\u00bb franchit le cap des 15 millions d&rsquo;\u00e9coutes cumul\u00e9es sur les plateformes de streaming en quatre mois. Un beau score qui offre \u00e0 L\u00e9nie le tout premier single d&rsquo;or de sa carri\u00e8re naissante ! \u00c9videmment, les deux amis sont au comble du bonheur. \u00ab On fait la f\u00eate quand ? \u00bb demande le chanteur en story sur Instagram \u00e0 sa comparse, qui lui r\u00e9pond : \u00ab Quand tu veux chou ! \u00bb. Leur lien se poursuivra-t-il sur un autre morceau \u00e0 l&rsquo;avenir  ? On prend les paris que oui !<\/p>\n<p><script async src=\"\/\/www.instagram.com\/embed.js\"><\/script><\/p>\n","protected":false},"excerpt":{"rendered":"Bestimage And the winner is&#8230; L\u00e9nie ! Le 25 avril en direct sur TF1, la chanteuse de 20&hellip;\n","protected":false},"author":2,"featured_media":301175,"comment_status":"","ping_status":"","sticky":false,"template":"","format":"standard","meta":{"footnotes":""},"categories":[1355],"tags":[58,59,1011,27,1361,873],"class_list":{"0":"post-301174","1":"post","2":"type-post","3":"status-publish","4":"format-standard","5":"has-post-thumbnail","7":"category-musique","8":"tag-divertissement","9":"tag-entertainment","10":"tag-fr","11":"tag-france","12":"tag-music","13":"tag-musique"},"share_on_mastodon":{"url":"https:\/\/pubeurope.com\/@fr\/114983692119114972","error":""},"_links":{"self":[{"href":"https:\/\/www.europesays.com\/fr\/wp-json\/wp\/v2\/posts\/301174","targetHints":{"allow":["GET"]}}],"collection":[{"href":"https:\/\/www.europesays.com\/fr\/wp-json\/wp\/v2\/posts"}],"about":[{"href":"https:\/\/www.europesays.com\/fr\/wp-json\/wp\/v2\/types\/post"}],"author":[{"embeddable":true,"href":"https:\/\/www.europesays.com\/fr\/wp-json\/wp\/v2\/users\/2"}],"replies":[{"embeddable":true,"href":"https:\/\/www.europesays.com\/fr\/wp-json\/wp\/v2\/comments?post=301174"}],"version-history":[{"count":0,"href":"https:\/\/www.europesays.com\/fr\/wp-json\/wp\/v2\/posts\/301174\/revisions"}],"wp:featuredmedia":[{"embeddable":true,"href":"https:\/\/www.europesays.com\/fr\/wp-json\/wp\/v2\/media\/301175"}],"wp:attachment":[{"href":"https:\/\/www.europesays.com\/fr\/wp-json\/wp\/v2\/media?parent=301174"}],"wp:term":[{"taxonomy":"category","embeddable":true,"href":"https:\/\/www.europesays.com\/fr\/wp-json\/wp\/v2\/categories?post=301174"},{"taxonomy":"post_tag","embeddable":true,"href":"https:\/\/www.europesays.com\/fr\/wp-json\/wp\/v2\/tags?post=301174"}],"curies":[{"name":"wp","href":"https:\/\/api.w.org\/{rel}","templated":true}]}}