{"id":301176,"date":"2025-08-06T20:24:10","date_gmt":"2025-08-06T20:24:10","guid":{"rendered":"https:\/\/www.europesays.com\/fr\/301176\/"},"modified":"2025-08-06T20:24:10","modified_gmt":"2025-08-06T20:24:10","slug":"box-office-2025-en-france-y-a-t-il-un-film-pour-sauver-lete-liberation","status":"publish","type":"post","link":"https:\/\/www.europesays.com\/fr\/301176\/","title":{"rendered":"Box-office 2025 en France : y a-t-il un film pour sauver l\u2019\u00e9t\u00e9 ? &#8211; Lib\u00e9ration"},"content":{"rendered":"<ol>\n<li><a href=\"https:\/\/news.google.com\/rss\/articles\/CBMi0wFBVV95cUxQbzdrRUJsNWVXZ2QyT1JQbkcyQXoyZ04xNjdzcVZaYzZ2UzhOWjMyTjBjZFBWWDdSZmx5cnpkZld0TXp0b1cwVEVTbFlmX3VLWmd0OGJYdlhqUnNGY0xIRjByV1h3ejg4N0ZkRGg0UkZvWE5uX0c1NjNtUEhqUUZYOXlSSXJ6c0d0RVE1dThzaGdPMTlXY1Ixa1ROUXpVVkNIeXY4TmVpaDQ3N2t4TDRXd2pySEU2dkw5b3VnbnNFNlV1dF9YMk9ObmQtYm9vR1lDOXZR?oc=5\" target=\"_blank\" rel=\"nofollow noopener\">Box-office 2025 en France : y a-t-il un film pour sauver l\u2019\u00e9t\u00e9 ?<\/a>&nbsp;&nbsp;Lib\u00e9ration<\/li>\n<li><a href=\"https:\/\/news.google.com\/rss\/articles\/CBMi2AFBVV95cUxPc2RYNlNpMHdzX3lUcF9IelVjM2dNaWFXdWZJc2pseWZvZVNldHh1b1hHVDBLaG1aQW5jcVZuWkJCTTY0LVgtMDJydm5HMnl0ejE4ZG5KR0tCVXhhTHhZQjRqTnIyVDhHNm41WDRCSUFMVXpvZXlUYkUxT0ZlRTJRcjJwaDltREYwSWk0dUVOdldSTTlhN1Z6OVBDZ05SUl9SWmxRcjlJU2V1YXlMYzg5Q0ZYNTAxQnlINEgzeGJydGhQemxkRDlGSE9PeVhEaGx6R2l5dzZDanU?oc=5\" target=\"_blank\" rel=\"nofollow noopener\">Comment IA, wokisme et crise des salles font vaciller Hollywood<\/a>&nbsp;&nbsp;Le Point<\/li>\n<li><a href=\"https:\/\/news.google.com\/rss\/articles\/CBMirAFBVV95cUxPdHMzLVpsaUJaNm0ta1J5UEhnZmt4cFBydHRHc1pWYmZPZUs2emhiX09nOHZHcFFEUzdYOHZrNzE5S1FhYUxJUGdqQVdZQ1BQRW4zbEVJQ1RPb0VXbEpyT2RaN29XV182LUZ3bVJ6aVhnRnhEZ3BDbVVoRHlDaHN2b0F6VVpRUFQxRk55Y2dIR3MtTXZ6cks4ampNYmVMY0RZYVFHSVJEZ3JEUTR5?oc=5\" target=\"_blank\" rel=\"nofollow noopener\">Les Fran\u00e7ais continuent de bouder le cin\u00e9ma cet \u00e9t\u00e9<\/a>&nbsp;&nbsp;BFMTV<\/li>\n<li><a href=\"https:\/\/news.google.com\/rss\/articles\/CBMixAFBVV95cUxOX19XZlhlNUFiYkNSR3IwaXBDQ2hNUFhFdk5lT2dLRjg4UzVkRlRQVkhsNGduWFlJVGNyTTZfTnVXeFFGemxQZ1dZQUF0c2hVc28zc280ZXB5Q2taWERqVkVGX2Q5cGdhQWQya29yU01YVjByVTlWSWp3QnNEWmk3LVFBTmdXODdjYlQ4THluYlNkVHFWVWZjcVNqYjd4UzBWWVEyMnBLVkRHQ3QtYUpHX0huLUU1dXJSQnZYc3FTcnJkLWFh?oc=5\" target=\"_blank\" rel=\"nofollow noopener\">Comment s\u2019en sont sortis les cin\u00e9mas du Cotentin en juillet ?<\/a>&nbsp;&nbsp;Actu.fr<\/li>\n<li><a href=\"https:\/\/news.google.com\/rss\/articles\/CBMiqgFBVV95cUxPVS1LVWRQeG5RQnZBZ2dtNW9wakVlU2tqZF9EWVJYNWdJcHVQdkxLeTI4OVI5dWVWem9Zb0Jad29uTWJGTTRCT1dCWDVwYWJBR25CS1ZHTGF0T2JGWXkwM19zb2lzR3pSRk84d2NocG5sSXJOSGk3X2xmWWlFaUpka3E2WHROUHYzZmJfYVNEaThCaE5oaUdLVlpscHdxZ1hFNmdtQ2RyUmQ5UQ?oc=5\" target=\"_blank\" rel=\"nofollow noopener\">Cin\u00e9ma : la fr\u00e9quentation des salles en baisse au mois de juillet par rapport \u00e0 l\u2019ann\u00e9e derni\u00e8re<\/a>&nbsp;&nbsp;Ouest-France<\/li>\n<\/ol>\n","protected":false},"excerpt":{"rendered":"Box-office 2025 en France : y a-t-il un film pour sauver l\u2019\u00e9t\u00e9 ?&nbsp;&nbsp;Lib\u00e9ration Comment IA, wokisme et crise&hellip;\n","protected":false},"author":2,"featured_media":301177,"comment_status":"","ping_status":"","sticky":false,"template":"","format":"standard","meta":{"footnotes":""},"categories":[1354],"tags":[12106,44117,29687,44118,58,59,1346,1011,27,44119,1360],"class_list":{"0":"post-301176","1":"post","2":"type-post","3":"status-publish","4":"format-standard","5":"has-post-thumbnail","7":"category-films","8":"tag-12106","9":"tag-4-18-24","10":"tag-bts","11":"tag-david-corenswet-superman-clark-kent","12":"tag-divertissement","13":"tag-entertainment","14":"tag-films","15":"tag-fr","16":"tag-france","17":"tag-james-gunn-director","18":"tag-movies"},"share_on_mastodon":{"url":"https:\/\/pubeurope.com\/@fr\/114983696045050260","error":""},"_links":{"self":[{"href":"https:\/\/www.europesays.com\/fr\/wp-json\/wp\/v2\/posts\/301176","targetHints":{"allow":["GET"]}}],"collection":[{"href":"https:\/\/www.europesays.com\/fr\/wp-json\/wp\/v2\/posts"}],"about":[{"href":"https:\/\/www.europesays.com\/fr\/wp-json\/wp\/v2\/types\/post"}],"author":[{"embeddable":true,"href":"https:\/\/www.europesays.com\/fr\/wp-json\/wp\/v2\/users\/2"}],"replies":[{"embeddable":true,"href":"https:\/\/www.europesays.com\/fr\/wp-json\/wp\/v2\/comments?post=301176"}],"version-history":[{"count":0,"href":"https:\/\/www.europesays.com\/fr\/wp-json\/wp\/v2\/posts\/301176\/revisions"}],"wp:featuredmedia":[{"embeddable":true,"href":"https:\/\/www.europesays.com\/fr\/wp-json\/wp\/v2\/media\/301177"}],"wp:attachment":[{"href":"https:\/\/www.europesays.com\/fr\/wp-json\/wp\/v2\/media?parent=301176"}],"wp:term":[{"taxonomy":"category","embeddable":true,"href":"https:\/\/www.europesays.com\/fr\/wp-json\/wp\/v2\/categories?post=301176"},{"taxonomy":"post_tag","embeddable":true,"href":"https:\/\/www.europesays.com\/fr\/wp-json\/wp\/v2\/tags?post=301176"}],"curies":[{"name":"wp","href":"https:\/\/api.w.org\/{rel}","templated":true}]}}