{"id":301182,"date":"2025-08-06T20:27:12","date_gmt":"2025-08-06T20:27:12","guid":{"rendered":"https:\/\/www.europesays.com\/fr\/301182\/"},"modified":"2025-08-06T20:27:12","modified_gmt":"2025-08-06T20:27:12","slug":"cette-demande-legitime-de-bertrand-cantat-aux-francais-apres-sa-sortie-de-prison","status":"publish","type":"post","link":"https:\/\/www.europesays.com\/fr\/301182\/","title":{"rendered":"cette demande l\u00e9gitime de Bertrand Cantat aux Fran\u00e7ais apr\u00e8s sa sortie de prison"},"content":{"rendered":"<p>Condamn\u00e9, emprisonn\u00e9 puis lib\u00e9r\u00e9 apr\u00e8s avoir purg\u00e9 sa peine,<br \/>\n<a href=\"https:\/\/www.mariefrance.fr\/news-people\/bertrand-cantat-revelations-choc-membre-noir-desir-22-ans-mort-marie-trintignant-decision-collective-1145328.html\" target=\"_blank\" rel=\"noopener nofollow\">Bertrand Cantat<\/a> a essay\u00e9 depuis<br \/>\nde laisser ce pass\u00e9 sombre derri\u00e8re lui, d&rsquo;abord loin de<br \/>\nl&rsquo;agitation m\u00e9diatique, puis sous le feu des projecteurs, sur<br \/>\nsc\u00e8ne, guitare \u00e0 la main. Mais le documentaire Netflix De<br \/>\nrockstar \u00e0 tueur : le cas Cantat, a relanc\u00e9 la pol\u00e9mique. Le<br \/>\nchanteur qui estime avoir \u00ab\u00a0pay\u00e9 sa dette\u00a0\u00bb \u00e0 la soci\u00e9t\u00e9, a<br \/>\nd&rsquo;ailleurs fait <strong>une demande aux Fran\u00e7ais<\/strong>.<\/p>\n<p>Une existence tr\u00e8s discr\u00e8te, loin des regards et de la ville.<br \/>\nDepuis plusieurs semaines, Bertrand Cantat a quitt\u00e9 son appartement<br \/>\nde Bordeaux pour s&rsquo;installer dans une maison dans les Landes, o\u00f9<br \/>\n<a href=\"https:\/\/www.mariefrance.fr\/news-people\/bertrand-cantat-en-couple-a-61-ans-installe-dans-les-landes-avec-jeune-femme-45-ans-cadette-1192047.html\" target=\"_blank\" rel=\"noopener nofollow\">il vit presque reclus<\/a>. Dans les<br \/>\ncolonnes de Paris Match, le buraliste de la commune<br \/>\nexplique qu&rsquo;<strong>\u00ab\u00a0il ne sort plus de chez lui<\/strong>.<br \/>\nC&rsquo;est sa compagne qui vient acheter les cigarettes. Elle-m\u00eame dit<br \/>\nqu&rsquo;il est compl\u00e8tement d\u00e9prim\u00e9, qu&rsquo;il ne veut m\u00eame pas aller dans<br \/>\nle jardin.\u00a0\u00bb\u00a0La cause de cette d\u00e9pression : la<br \/>\nr\u00e9ouverture, \u00e0 la fin juillet, de l&rsquo;enqu\u00eate sur le suicide de son<br \/>\nex-femme.<\/p>\n<p>Bertrand Cantat de nouveau inqui\u00e9t\u00e9 par la justice<\/p>\n<p><a href=\"https:\/\/www.mariefrance.fr\/faits-divers\/bertrand-cantat-lettre-adieu-bouleversante-ex-krisztina-rady-devoilee-le-chanteur-pas-epargne-1192284.html\" target=\"_blank\" rel=\"noopener nofollow\">Krisztina Rady<\/a> s&rsquo;est donn\u00e9 la<br \/>\nmort en 2010, sept ans apr\u00e8s le d\u00e9c\u00e8s tragique de Marie Trintignant<br \/>\nsous les coups du chanteur de Noir D\u00e9sir. \u00c0 l&rsquo;\u00e9poque, le suicide de<br \/>\nKrisztina Rady n&rsquo;avait pas fait l&rsquo;objet d&rsquo;une enqu\u00eate, mais une<br \/>\nproc\u00e9dure a \u00e9t\u00e9 ouverte pour <strong>\u00ab\u00a0violences volontaires par<br \/>\nconjoint\u00a0\u00bb,<\/strong> la justice suspectant Bertrand Cantat<br \/>\nd&rsquo;avoir incit\u00e9, volontairement ou non, son ex-compagne \u00e0 mettre fin<br \/>\n\u00e0 ses jours. C&rsquo;est la diffusion, ces derniers mois, du documentaire<br \/>\nde Netflix De rockstar \u00e0 tueur, sur le cas Cantat,<br \/>\nr\u00e9v\u00e9lant de nouveaux \u00e9l\u00e9ments concernant ce drame, qui a en effet<br \/>\npouss\u00e9 la justice \u00e0 lancer cette proc\u00e9dure.<\/p>\n<p>Condamn\u00e9 \u00e0 une peine de huit ans de prison, Bertrand Cantat a<br \/>\nfinalement \u00e9t\u00e9 lib\u00e9r\u00e9 apr\u00e8s avoir pass\u00e9 seulement quatre ans<br \/>\nderri\u00e8re les barreaux. Selon ses d\u00e9tracteurs, il s&rsquo;agit d&rsquo;une<br \/>\ninjustice, \u00e9tant donn\u00e9 la gravit\u00e9 du crime qu&rsquo;il a commis.<br \/>\nCependant, le principal concern\u00e9 s&rsquo;\u00e9tait d\u00e9j\u00e0 exprim\u00e9 face \u00e0 la<br \/>\ncol\u00e8re qui s&rsquo;\u00e9tait intens\u00e9ment manifest\u00e9e \u00e0 son encontre et avait<br \/>\nfait une demande aux m\u00e9dias et aux Fran\u00e7ais. <strong>\u00ab\u00a0J&rsquo;ai pay\u00e9<br \/>\nla dette \u00e0 laquelle la justice m&rsquo;a condamn\u00e9<\/strong>. J&rsquo;ai purg\u00e9 ma<br \/>\npeine. Je n&rsquo;ai pas b\u00e9n\u00e9fici\u00e9 de privil\u00e8ges. <strong>Je<br \/>\nsouhaite<\/strong> aujourd&rsquo;hui, au m\u00eame titre que n&rsquo;importe quel<br \/>\ncitoyen, <strong>le droit \u00e0 la r\u00e9insertion<\/strong>.\u00a0Le droit<br \/>\nd&rsquo;exercer mon m\u00e9tier\u00a0\u00bb.<\/p>\n<p><img loading=\"lazy\" decoding=\"async\" aria-describedby=\"caption-attachment-1193904\" itemprop=\"thumbnailUrl\" class=\"wp-image-1193904 img-responsive size-full\" src=\"https:\/\/www.europesays.com\/fr\/wp-content\/uploads\/2025\/08\/1-12.jpg\" alt=\"Bertrand Cantat souriant\" width=\"1280\" height=\"720\"\/><br \/>\n\u00a9 Bernard<br \/>\nPatrick\/ABACA\/Shutterstock<\/p>\n<p id=\"caption-attachment-1193904\" class=\"wp-caption-text\">Bertrand<br \/>\nCantat demande le droit d&rsquo;exercer son m\u00e9tier<\/p>\n<p>Bertrand Cantat de retour sur sc\u00e8ne<br \/>\n?<\/p>\n<p>\u00c0 61 ans, Bertrand Cantat, qui a reform\u00e9 en 2013 <strong>un<br \/>\ngroupe nomm\u00e9 Detroit<\/strong>, sait toutefois qu&rsquo;il ne pourra<br \/>\ns\u00fbrement plus monter sur sc\u00e8ne, aucun producteur n&rsquo;\u00e9tant dispos\u00e9 \u00e0<br \/>\nprendre le risque d&rsquo;organiser une tourn\u00e9e. En 2018, le chanteur et<br \/>\nson groupe avaient d\u00fb interrompre leur tourn\u00e9e apr\u00e8s son concert<br \/>\ndonn\u00e9 \u00e0 l&rsquo;Ancienne Belgique le 10 juin suite aux pressions de<br \/>\nmouvements f\u00e9ministes. Par ailleurs, la sortie de L&rsquo;Angle,<br \/>\nle deuxi\u00e8me album de son groupe Detroit, \u00e0 la fin de 2024, s&rsquo;\u00e9tait<br \/>\nfait dans un silence m\u00e9diatique quasi complet.<\/p>\n<p>Un album qui risque donc d&rsquo;\u00eatre le dernier. Le 25 juillet, le<br \/>\ngroupe a publi\u00e9 un long message sur son compte Facebook, \u00e9voquant<br \/>\nla fin des sessions d&rsquo;enregistrement des morceaux d&rsquo;un nouvel<br \/>\nalbum. \u00ab\u00a0On ne le savait pas encore, mais <strong>on venait de<br \/>\nrefermer une parenth\u00e8se<\/strong>. Pas brusquement, juste un<br \/>\nglissement, comme une lumi\u00e8re qui baisse sans pr\u00e9venir.<br \/>\n<strong>On ne sait pas si c&rsquo;est une fin ou une<br \/>\nmue\u00a0\u00bb<\/strong>. Malgr\u00e9 sa demande, il semblerait que le<br \/>\npass\u00e9 de Bertrand Cantat continue de le hanter et que son d\u00e9sir de<br \/>\nreprendre une vie normale ne voit jamais le jour.<\/p>\n<p><img loading=\"lazy\" decoding=\"async\" aria-describedby=\"caption-attachment-1193906\" class=\"wp-image-1193906 img-responsive size-full\" src=\"https:\/\/www.europesays.com\/fr\/wp-content\/uploads\/2025\/08\/3-2.jpg\" alt=\"Bertrand Cantat lors d'un concert\" width=\"1280\" height=\"720\"\/> \u00a9 Bertrand<br \/>\nGilles\/ABACA\/Shutterstock<\/p>\n<p id=\"caption-attachment-1193906\" class=\"wp-caption-text\">\nReverra-t-on Bertrand Cantat sur sc\u00e8ne ?<\/p>\n","protected":false},"excerpt":{"rendered":"Condamn\u00e9, emprisonn\u00e9 puis lib\u00e9r\u00e9 apr\u00e8s avoir purg\u00e9 sa peine, Bertrand Cantat a essay\u00e9 depuis de laisser ce pass\u00e9&hellip;\n","protected":false},"author":2,"featured_media":301183,"comment_status":"","ping_status":"","sticky":false,"template":"","format":"standard","meta":{"footnotes":""},"categories":[8],"tags":[21303,58,59,1011,27],"class_list":{"0":"post-301182","1":"post","2":"type-post","3":"status-publish","4":"format-standard","5":"has-post-thumbnail","7":"category-divertissement","8":"tag-buzz_nonli","9":"tag-divertissement","10":"tag-entertainment","11":"tag-fr","12":"tag-france"},"share_on_mastodon":{"url":"https:\/\/pubeurope.com\/@fr\/114983707885622923","error":""},"_links":{"self":[{"href":"https:\/\/www.europesays.com\/fr\/wp-json\/wp\/v2\/posts\/301182","targetHints":{"allow":["GET"]}}],"collection":[{"href":"https:\/\/www.europesays.com\/fr\/wp-json\/wp\/v2\/posts"}],"about":[{"href":"https:\/\/www.europesays.com\/fr\/wp-json\/wp\/v2\/types\/post"}],"author":[{"embeddable":true,"href":"https:\/\/www.europesays.com\/fr\/wp-json\/wp\/v2\/users\/2"}],"replies":[{"embeddable":true,"href":"https:\/\/www.europesays.com\/fr\/wp-json\/wp\/v2\/comments?post=301182"}],"version-history":[{"count":0,"href":"https:\/\/www.europesays.com\/fr\/wp-json\/wp\/v2\/posts\/301182\/revisions"}],"wp:featuredmedia":[{"embeddable":true,"href":"https:\/\/www.europesays.com\/fr\/wp-json\/wp\/v2\/media\/301183"}],"wp:attachment":[{"href":"https:\/\/www.europesays.com\/fr\/wp-json\/wp\/v2\/media?parent=301182"}],"wp:term":[{"taxonomy":"category","embeddable":true,"href":"https:\/\/www.europesays.com\/fr\/wp-json\/wp\/v2\/categories?post=301182"},{"taxonomy":"post_tag","embeddable":true,"href":"https:\/\/www.europesays.com\/fr\/wp-json\/wp\/v2\/tags?post=301182"}],"curies":[{"name":"wp","href":"https:\/\/api.w.org\/{rel}","templated":true}]}}