{"id":301184,"date":"2025-08-06T20:28:10","date_gmt":"2025-08-06T20:28:10","guid":{"rendered":"https:\/\/www.europesays.com\/fr\/301184\/"},"modified":"2025-08-06T20:28:10","modified_gmt":"2025-08-06T20:28:10","slug":"des-millions-de-pc-portables-dell-touches-par-une-faille-grave-la-liste-des-modeles-concernes","status":"publish","type":"post","link":"https:\/\/www.europesays.com\/fr\/301184\/","title":{"rendered":"Des millions de PC portables Dell touch\u00e9s par une faille grave, la liste des mod\u00e8les concern\u00e9s"},"content":{"rendered":"<p class=\"ed__a-p ed__bdy__l\">Comme l\u2019explique le constructeur, la faille se trouve dans les puces Broadcom de la s\u00e9rie BCM5820X. Il s\u2019agit de composants tr\u00e8s r\u00e9pandus dans les PC portables Dell r\u00e9cents. La vuln\u00e9rabilit\u00e9 est tr\u00e8s dangereuse puisqu\u2019elle touche la fonction ControlVault3, un syst\u00e8me de stockage s\u00e9curis\u00e9 des mots de passe et donn\u00e9es biom\u00e9triques.<\/p>\n<p>Une faille aux cons\u00e9quences tr\u00e8s pr\u00e9occupantes<\/p>\n<p class=\"ed__a-p ed__bdy__l\">En tout, ce sont cinq failles qui ont \u00e9t\u00e9 identifi\u00e9es sous les r\u00e9f\u00e9rences suivantes:<\/p>\n<ul class=\"ed__lists ed__bdy__l\">\n<li>CVE-2025-24311<\/li>\n<li>CVE-2025-25215<\/li>\n<li>CVE-2025-24922<\/li>\n<li>CVE-2025-25050<\/li>\n<li>CVE-2025-24919<\/li>\n<\/ul>\n<p class=\"ed__a-p ed__bdy__l\">Le fait que la faille soit sous multiple aggrave donc les risques d\u2019attaque contre les PC concern\u00e9s. Par exemple, les failles permettent aux assaillants de d\u00e9rober des donn\u00e9es sensibles et d\u2019ex\u00e9cuter du code malveillant \u00e0 distance. Les mots de passe stock\u00e9s ne sont plus s\u00e9curis\u00e9s, d&rsquo;o\u00f9 les pr\u00e9occuations autour de cette vuln\u00e9rabilit\u00e9.<\/p>\n<p class=\"ed__a-p ed__bdy__l\">Dell s\u2019est exprim\u00e9 dans les colonnes de The Register \u00e0 propos de cette faille : \u00ab\u00a0En collaboration avec notre fournisseur de firmware, nous avons r\u00e9solu les probl\u00e8mes rapidement et divulgu\u00e9 de mani\u00e8re transparente les vuln\u00e9rabilit\u00e9s rapport\u00e9es conform\u00e9ment \u00e0 notre politique de r\u00e9ponse aux vuln\u00e9rabilit\u00e9s.\u00a0\u00bb<\/p>\n<p>Voici les PC de Dell touch\u00e9s par la faille de s\u00e9curit\u00e9<\/p>\n<p class=\"ed__a-p ed__bdy__l\">C\u2019est le 13 juin que Dell a parl\u00e9 pour la premi\u00e8re fois de ces failles, mais les d\u00e9tails complets n\u2019ont \u00e9t\u00e9 partag\u00e9s que r\u00e9cemment. Le constructeur am\u00e9ricain recommande aux utilisateurs d\u2019installer les derni\u00e8res mises \u00e0 jour de s\u00e9curit\u00e9 pour prot\u00e9ger leur PC portable contre d\u2019\u00e9ventuelles attaques.<\/p>\n<p class=\"ed__a-p ed__bdy__l\">Pour les personnes concern\u00e9es, il est possible d\u2019acc\u00e9der au lien de t\u00e9l\u00e9chargement via le document de support Dell sous la r\u00e9f\u00e9rence DSA-250-053. Il y a la liste compl\u00e8te de tous les PC portables touch\u00e9s avec les versions concern\u00e9es et les informations d\u00e9taill\u00e9es sur les correctifs \u00e0 <a href=\"https:\/\/www.dell.com\/support\/kbdoc\/en-us\/000276106\/dsa-2025-053\" target=\"_blank\" rel=\"nofollow noopener\">cette adresse<\/a>.<\/p>\n<p class=\"ed__a-p ed__bdy__l\">Voici la liste compl\u00e8te des PC portables Dell touch\u00e9s par cette faille :<\/p>\n<p>Dell Pro :<\/p>\n<ul class=\"ed__lists ed__bdy__l\">\n<li>Dell Pro 13 Plus PB13250<\/li>\n<li>Dell Pro 14 Plus PB14250<\/li>\n<li>Dell Pro 16 Plus PB16250<\/li>\n<li>Dell Pro Max 14 MC14250<\/li>\n<li>Dell Pro Max 16 MC16250<\/li>\n<li>Dell Pro Rugged 13 RA13250<\/li>\n<li>Dell Pro Rugged 14 RB14250<\/li>\n<\/ul>\n<p>Latitude :<\/p>\n<ul class=\"ed__lists ed__bdy__l\">\n<li>Latitude 5300<\/li>\n<li>Latitude 5300 2-in-1<\/li>\n<li>Latitude 5310<\/li>\n<li>Latitude 5310 2-in-1<\/li>\n<li>Latitude 5320<\/li>\n<li>Latitude 5330<\/li>\n<li>Latitude 5340<\/li>\n<li>Latitude 5350<\/li>\n<li>Latitude 5400<\/li>\n<li>Latitude 5401<\/li>\n<li>Latitude 5410<\/li>\n<li>Latitude 5411<\/li>\n<li>Latitude 5420<\/li>\n<li>Latitude 5421<\/li>\n<li>Latitude 5430<\/li>\n<li>Latitude 5430 Rugged Laptop<\/li>\n<li>Latitude 5431<\/li>\n<li>Latitude 5440<\/li>\n<li>Latitude 5450<\/li>\n<li>Latitude 5500<\/li>\n<li>Latitude 5501<\/li>\n<li>Latitude 5510<\/li>\n<li>Latitude 5511<\/li>\n<li>Latitude 5520<\/li>\n<li>Latitude 5521<\/li>\n<li>Latitude 5530<\/li>\n<li>Latitude 5531<\/li>\n<li>Latitude 5540<\/li>\n<li>Latitude 5550<\/li>\n<li>Latitude 7030 Rugged Extreme<\/li>\n<li>Latitude 7200 2-in-1<\/li>\n<li>Latitude 7210 2-in-1<\/li>\n<li>Latitude 7220 Rugged Extreme<\/li>\n<li>Latitude 7220EX<\/li>\n<li>Latitude 7230 Rugged Extreme<\/li>\n<li>Latitude 7300<\/li>\n<li>Latitude 7310<\/li>\n<li>Latitude 7320<\/li>\n<li>Latitude 7320 Detachable<\/li>\n<li>Latitude 7330<\/li>\n<li>Latitude 7330 Rugged Laptop<\/li>\n<li>Latitude 7340<\/li>\n<li>Latitude 7350<\/li>\n<li>Latitude 7350 Detachable<\/li>\n<li>Latitude 7400<\/li>\n<li>Latitude 7400 2-in-1<\/li>\n<li>Latitude 7410<\/li>\n<li>Latitude 7420<\/li>\n<li>Latitude 7430<\/li>\n<li>Latitude 7440<\/li>\n<li>Latitude 7450<\/li>\n<li>Latitude 7520<\/li>\n<li>Latitude 7530<\/li>\n<li>Latitude 7640<\/li>\n<li>Latitude 7650<\/li>\n<li>Latitude 9330<\/li>\n<li>Latitude 9410<\/li>\n<li>Latitude 9420<\/li>\n<li>Latitude 9430<\/li>\n<li>Latitude 9440 2-in-1<\/li>\n<li>Latitude 9450<\/li>\n<li>Latitude 9510 2-in-1<\/li>\n<li>Latitude 9520<\/li>\n<\/ul>\n<p>Precision :<\/p>\n<ul class=\"ed__lists ed__bdy__l\">\n<li>Precision 3470<\/li>\n<li>Precision 3480<\/li>\n<li>Precision 3490<\/li>\n<li>Precision 3540<\/li>\n<li>Precision 3541<\/li>\n<li>Precision 3550<\/li>\n<li>Precision 3551<\/li>\n<li>Precision 3560<\/li>\n<li>Precision 3561<\/li>\n<li>Precision 3570<\/li>\n<li>Precision 3571<\/li>\n<li>Precision 3580<\/li>\n<li>Precision 3581<\/li>\n<li>Precision 3590<\/li>\n<li>Precision 3591<\/li>\n<li>Precision 5470<\/li>\n<li>Precision 5480<\/li>\n<li>Precision 5490<\/li>\n<li>Precision 5680<\/li>\n<li>Precision 5690<\/li>\n<li>Precision 7540<\/li>\n<li>Precision 7550<\/li>\n<li>Precision 7560<\/li>\n<li>Precision 7670<\/li>\n<li>Precision 7680<\/li>\n<li>Precision 7740<\/li>\n<li>Precision 7750<\/li>\n<li>Precision 7760<\/li>\n<li>Precision 7770<\/li>\n<li>Precision 7780<\/li>\n<\/ul>\n","protected":false},"excerpt":{"rendered":"Comme l\u2019explique le constructeur, la faille se trouve dans les puces Broadcom de la s\u00e9rie BCM5820X. Il s\u2019agit&hellip;\n","protected":false},"author":2,"featured_media":301185,"comment_status":"","ping_status":"","sticky":false,"template":"","format":"standard","meta":{"footnotes":""},"categories":[7],"tags":[1011,27,43,40,41,39,42,44],"class_list":{"0":"post-301184","1":"post","2":"type-post","3":"status-publish","4":"format-standard","5":"has-post-thumbnail","7":"category-sciences-et-technologies","8":"tag-fr","9":"tag-france","10":"tag-science","11":"tag-science-and-technology","12":"tag-sciences","13":"tag-sciences-et-technologies","14":"tag-technologies","15":"tag-technology"},"share_on_mastodon":{"url":"https:\/\/pubeurope.com\/@fr\/114983711764429273","error":""},"_links":{"self":[{"href":"https:\/\/www.europesays.com\/fr\/wp-json\/wp\/v2\/posts\/301184","targetHints":{"allow":["GET"]}}],"collection":[{"href":"https:\/\/www.europesays.com\/fr\/wp-json\/wp\/v2\/posts"}],"about":[{"href":"https:\/\/www.europesays.com\/fr\/wp-json\/wp\/v2\/types\/post"}],"author":[{"embeddable":true,"href":"https:\/\/www.europesays.com\/fr\/wp-json\/wp\/v2\/users\/2"}],"replies":[{"embeddable":true,"href":"https:\/\/www.europesays.com\/fr\/wp-json\/wp\/v2\/comments?post=301184"}],"version-history":[{"count":0,"href":"https:\/\/www.europesays.com\/fr\/wp-json\/wp\/v2\/posts\/301184\/revisions"}],"wp:featuredmedia":[{"embeddable":true,"href":"https:\/\/www.europesays.com\/fr\/wp-json\/wp\/v2\/media\/301185"}],"wp:attachment":[{"href":"https:\/\/www.europesays.com\/fr\/wp-json\/wp\/v2\/media?parent=301184"}],"wp:term":[{"taxonomy":"category","embeddable":true,"href":"https:\/\/www.europesays.com\/fr\/wp-json\/wp\/v2\/categories?post=301184"},{"taxonomy":"post_tag","embeddable":true,"href":"https:\/\/www.europesays.com\/fr\/wp-json\/wp\/v2\/tags?post=301184"}],"curies":[{"name":"wp","href":"https:\/\/api.w.org\/{rel}","templated":true}]}}