{"id":301186,"date":"2025-08-06T20:29:11","date_gmt":"2025-08-06T20:29:11","guid":{"rendered":"https:\/\/www.europesays.com\/fr\/301186\/"},"modified":"2025-08-06T20:29:11","modified_gmt":"2025-08-06T20:29:11","slug":"six-millions-de-comptes-clients-bouygues-telecom-touches-par-une-cyberattaque","status":"publish","type":"post","link":"https:\/\/www.europesays.com\/fr\/301186\/","title":{"rendered":"six millions de comptes clients Bouygues Telecom touch\u00e9s par une cyberattaque"},"content":{"rendered":"<p>Les num\u00e9ros de cartes bancaires et les mots de passe des comptes ne sont pas impact\u00e9s, rassure toutefois le groupe.<\/p>\n<p class=\"fig-paragraph\">Les cybercriminels ne sont pas en vacances. Le groupe\u00a0<a href=\"http:\/\/www.lefigaro.fr\/secteur\/high-tech\/appels-geolocalisation-mais-pas-de-reseaux-sociaux-bouygues-lance-une-montre-connectee-pour-les-enfants-20250618\" data-fig-type=\"Article\" data-gtm-custom-categorie=\"navigation\" data-gtm-custom-action=\"crossclick\" data-gtm-custom-label=\"Contextuel\" data-gtm-event=\"customEventSPE\" data-fig-domain=\"LEFIGARO\" target=\"_blank\" rel=\"noopener\">Bouygues Telecom<\/a>\u00a0a \u00e9t\u00e9 victime d&rsquo;une cyberattaque entra\u00eenant la fuite de donn\u00e9es de \u00ab6,4 millions de\u00a0<a href=\"http:\/\/www.lefigaro.fr\/conjoncture\/air-france-victime-d-une-fuite-de-donnees-a-la-suite-d-un-acces-frauduleux-20250806\" data-fig-type=\"NewsFlash\" data-gtm-custom-categorie=\"navigation\" data-gtm-custom-action=\"crossclick\" data-gtm-custom-label=\"Contextuel\" data-gtm-event=\"customEventSPE\" data-fig-domain=\"LEFIGARO\" target=\"_blank\" rel=\"noopener\">comptes clients<\/a> \u00bb, parmi lesquels des IBAN, a annonc\u00e9 mercredi l&rsquo;entreprise dans un communiqu\u00e9. Les donn\u00e9es vol\u00e9es sont \u00ables coordonn\u00e9es, les donn\u00e9es contractuelles, les donn\u00e9es d&rsquo;\u00e9tat civil ou celles de l&rsquo;entreprise si vous \u00eates un professionnel, ainsi que les IBAN\u00bb, d\u00e9taille-t-elle dans un mail envoy\u00e9 \u00e0 ses clients, consult\u00e9 par l&rsquo;AFP.<\/p>\n<p class=\"fig-paragraph\">Toutefois, Bouygues pr\u00e9cise que \u00ables num\u00e9ros de cartes bancaires et les mots de passe de vos comptes Bouygues Telecom ne sont pas impact\u00e9s\u00bb. Tous les clients concern\u00e9s ont re\u00e7u ou vont recevoir ce mail ou un SMS pour les en informer.<\/p>\n<p>                                    <a class=\"fig-a11y-skip a11y-hidden\" href=\"#fig-a11y-skip-main-inarticle\"><br \/>\n        Passer la publicit\u00e9<br \/>\n    <\/a><\/p>\n<p>Tentatives de fraude<\/p>\n<p class=\"fig-paragraph\">\u00abCette situation pourrait vous exposer \u00e0 des tentatives de fraude: mail ou appels frauduleux. En se servant de vos donn\u00e9es, un fraudeur peut se faire passer pour Bouygues Telecom ou une autre soci\u00e9t\u00e9 (banque, assurance&#8230;) et essayer par exemple d&rsquo;obtenir des informations compl\u00e9mentaires comme votre num\u00e9ro de carte bancaire ou vos identifiants et mots de passe\u00bb, souligne l&rsquo;op\u00e9rateur sur une page internet d\u00e9di\u00e9e.<\/p>\n<p class=\"fig-paragraph\">Cette cyberattaque d\u00e9tect\u00e9e lundi a \u00e9t\u00e9 r\u00e9solue par les \u00e9quipes de Bouygues Telecom, qui a \u00abd\u00e9pos\u00e9 plainte aupr\u00e8s des autorit\u00e9s judiciaires\u00bb et l&rsquo;a signal\u00e9e \u00e0 la Commission nationale de l&rsquo;informatique et des libert\u00e9s (Cnil).<\/p>\n","protected":false},"excerpt":{"rendered":"Les num\u00e9ros de cartes bancaires et les mots de passe des comptes ne sont pas impact\u00e9s, rassure toutefois&hellip;\n","protected":false},"author":2,"featured_media":301187,"comment_status":"","ping_status":"","sticky":false,"template":"","format":"standard","meta":{"footnotes":""},"categories":[6],"tags":[17402,35,2481,33,34,1011,27],"class_list":{"0":"post-301186","1":"post","2":"type-post","3":"status-publish","4":"format-standard","5":"has-post-thumbnail","7":"category-economie","8":"tag-bouygues-telecom","9":"tag-business","10":"tag-cyberattaque","11":"tag-economie","12":"tag-economy","13":"tag-fr","14":"tag-france"},"share_on_mastodon":{"url":"https:\/\/pubeurope.com\/@fr\/114983715796933154","error":""},"_links":{"self":[{"href":"https:\/\/www.europesays.com\/fr\/wp-json\/wp\/v2\/posts\/301186","targetHints":{"allow":["GET"]}}],"collection":[{"href":"https:\/\/www.europesays.com\/fr\/wp-json\/wp\/v2\/posts"}],"about":[{"href":"https:\/\/www.europesays.com\/fr\/wp-json\/wp\/v2\/types\/post"}],"author":[{"embeddable":true,"href":"https:\/\/www.europesays.com\/fr\/wp-json\/wp\/v2\/users\/2"}],"replies":[{"embeddable":true,"href":"https:\/\/www.europesays.com\/fr\/wp-json\/wp\/v2\/comments?post=301186"}],"version-history":[{"count":0,"href":"https:\/\/www.europesays.com\/fr\/wp-json\/wp\/v2\/posts\/301186\/revisions"}],"wp:featuredmedia":[{"embeddable":true,"href":"https:\/\/www.europesays.com\/fr\/wp-json\/wp\/v2\/media\/301187"}],"wp:attachment":[{"href":"https:\/\/www.europesays.com\/fr\/wp-json\/wp\/v2\/media?parent=301186"}],"wp:term":[{"taxonomy":"category","embeddable":true,"href":"https:\/\/www.europesays.com\/fr\/wp-json\/wp\/v2\/categories?post=301186"},{"taxonomy":"post_tag","embeddable":true,"href":"https:\/\/www.europesays.com\/fr\/wp-json\/wp\/v2\/tags?post=301186"}],"curies":[{"name":"wp","href":"https:\/\/api.w.org\/{rel}","templated":true}]}}