{"id":301190,"date":"2025-08-06T20:31:10","date_gmt":"2025-08-06T20:31:10","guid":{"rendered":"https:\/\/www.europesays.com\/fr\/301190\/"},"modified":"2025-08-06T20:31:10","modified_gmt":"2025-08-06T20:31:10","slug":"cette-lettre-de-macron-a-bayrou-sur-lalgerie-ne-va-pas-dans-le-sens-de-lapaisement","status":"publish","type":"post","link":"https:\/\/www.europesays.com\/fr\/301190\/","title":{"rendered":"Cette lettre de Macron \u00e0 Bayrou sur l\u2019Alg\u00e9rie ne va pas dans le sens de l\u2019apaisement"},"content":{"rendered":"<p>        <img decoding=\"async\" loading=\"lazy\" src=\"https:\/\/www.europesays.com\/fr\/wp-content\/uploads\/2025\/08\/c770e9c_upload-1-xgxwk8jalihu-afp-20250714-66qf7wc-v2-midres-francearmeniadiplomacy.jpg\"  width=\"728\" height=\"410\" alt=\"Emmanuel Macron ici le 14\u00a0juillet 2025, veut plus de \u00ab\u00a0fermet\u00e9\u00a0\u00bb envers l\u2019Alg\u00e9rie selon une lettre envoy\u00e9e \u00e0 Fran\u00e7ois Bayrou et obtenue par \u00ab\u00a0Le Figaro\u00a0\u00bb ce 6\u00a0ao\u00fbt 2025.\"\/>  <\/p>\n<p>LUDOVIC MARIN \/ AFP<\/p>\n<p>Emmanuel Macron ici le 14\u00a0juillet 2025, veut plus de \u00ab\u00a0fermet\u00e9\u00a0\u00bb envers l\u2019Alg\u00e9rie selon une lettre envoy\u00e9e \u00e0 Fran\u00e7ois Bayrou et obtenue par \u00ab\u00a0Le Figaro\u00a0\u00bb ce 6\u00a0ao\u00fbt 2025.<\/p>\n<p class=\"asset asset-text\">POLITIQUE &#8211; Vous reprendrez bien un peu de \u00ab\u00a0fermet\u00e9\u00a0\u00bb\u00a0? Dans une lettre adress\u00e9e au Premier ministre <a href=\"https:\/\/www.huffingtonpost.fr\/politique\/article\/avec-ses-videos-youtube-sur-le-budget-francois-bayrou-fait-un-calcul-tres-politique_253288.html\" target=\"_blank\" rel=\"noopener\" title=\"Nouvelle fen\u00eatre\">Fran\u00e7ois Bayrou<\/a> et qu\u2019a obtenue <a href=\"https:\/\/www.lefigaro.fr\/politique\/emmanuel-macron-au-figaro-nous-n-avons-pas-d-autre-choix-que-d-adopter-une-approche-de-plus-grande-fermete-avec-l-algerie-20250806\" target=\"_blank\" rel=\"noopener\" title=\"Nouvelle fen\u00eatre\">Le Figaro<\/a> ce mercredi 6\u00a0ao\u00fbt, <a href=\"https:\/\/www.huffingtonpost.fr\/politique\/article\/avant-la-reconnaissance-de-l-etat-de-palestine-macron-presse-d-aider-concretement-gaza-des-maintenant_253286.html\" target=\"_blank\" rel=\"noopener\" title=\"Nouvelle fen\u00eatre\">Emmanuel Macron<\/a> exhorte le gouvernement de \u00ab\u00a0prendre des d\u00e9cisions suppl\u00e9mentaires\u00a0\u00bb afin d\u2019\u00ab\u00a0agir avec plus de fermet\u00e9 et de d\u00e9termination\u00a0\u00bb vis-\u00e0-vis de l\u2019Alg\u00e9rie.<\/p>\n<p class=\"asset asset-text\">Aupr\u00e8s du quotidien, le chef de l\u2019\u00c9tat pointe \u00ab\u00a0les autorit\u00e9s alg\u00e9riennes\u00a0\u00bb qui \u00ab\u00a0ont fait le choix d\u00e9lib\u00e9r\u00e9 de ne pas r\u00e9pondre \u00e0 nos appels r\u00e9p\u00e9t\u00e9s au cours des derniers mois \u00e0 travailler ensemble dans l\u2019int\u00e9r\u00eat de nos deux nations\u00a0\u00bb. D\u2019apr\u00e8s lui, \u00ab\u00a0nous n\u2019avons pas d\u2019autre choix que d\u2019adopter une approche de plus grande fermet\u00e9\u00a0\u00bb.<\/p>\n<p class=\"asset asset-text\">Au c\u0153ur de la brouille entre les deux pays, les sorts de l\u2019\u00e9crivain Boualem Sansal et du journaliste <a href=\"https:\/\/www.huffingtonpost.fr\/medias\/article\/les-parents-du-reporter-christophe-gleizes-condamne-en-algerie-font-appel-au-monde-du-foot_252205.html\" target=\"_blank\" rel=\"noopener\">Christophe Gleizes<\/a>. Le premier a \u00e9t\u00e9 condamn\u00e9 en appel \u00e0 cinq ans de prison pour ses prises de position critiques \u00e0 l\u2019\u00e9gard du pouvoir, et l\u2019<a href=\"https:\/\/www.huffingtonpost.fr\/international\/article\/boualem-sansal-toujours-pas-gracie-par-l-algerie-renonce-a-se-pourvoir-en-cassation_252255.html\" target=\"_blank\" rel=\"noopener\">espoir d\u2019une gr\u00e2ce du pr\u00e9sident Abdelmadjid Tebboune s\u2019amenuise peu \u00e0 peu<\/a>. Le second a \u00e9t\u00e9 condamn\u00e9 \u00e0 sept ans de prison notamment pour \u00ab\u00a0apologie du terrorisme\u00a0\u00bb et \u00ab\u00a0possession de publications dans un but de propagande nuisant \u00e0 l\u2019int\u00e9r\u00eat national\u00a0\u00bb.<\/p>\n<p>    L\u2019accord de 2013\u00a0sur les visas diplomatiques suspendu    <\/p>\n<p class=\"asset asset-text\">Parmi les mesures \u00e9voqu\u00e9es dans la lettre \u00e0 Fran\u00e7ois Bayrou, le chef de l\u2019\u00c9tat appelle ainsi notamment \u00e0 suspendre \u00ab\u00a0formellement\u00a0\u00bb l\u2019accord de 2013 avec Alger \u00ab\u00a0concernant les exemptions de visa sur les passeports officiels et diplomatiques\u00a0\u00bb. La proc\u00e9dure \u00e9tait jusque-l\u00e0 gel\u00e9e, faisant suite \u00e0 des renvois de diplomates de part et d\u2019autre de la M\u00e9diterran\u00e9e. Emmanuel Macron veut aussi \u00ab\u00a0refuser les visas de court s\u00e9jour aux d\u00e9tenteurs de passeports de service et diplomatiques\u00a0\u00bb et l\u2019alignement de l\u2019Union europ\u00e9enne sur la fermet\u00e9 envers l\u2019Alg\u00e9rie.<\/p>\n<p class=\"asset asset-text\">\u00ab\u00a0Lorsque vous estimerez que les conditions sont r\u00e9unies s\u2019agissant de notre dispositif diplomatique, vous pourrez autoriser les trois consuls alg\u00e9riens d\u00e9j\u00e0 pr\u00e9sents sur notre territoire \u00e0 exercer leur mandat, en exigeant toutefois une reprise de la coop\u00e9ration migratoire\u00a0\u00bb.\u00a0\u00ab\u00a0Seule cette reprise nous permettra d\u2019admettre cinq autres consuls en attente d\u2019autorisation\u00a0\u00bb, \u00e9crit encore le pr\u00e9sident fran\u00e7ais dans sa lettre.<\/p>\n<p class=\"asset asset-text\">Enfin, \u00ab\u00a0j\u2019attends du ministre de l\u2019Int\u00e9rieur (Bruno Retailleau) qu\u2019il (&#8230;) trouve les moyens d\u2019expulser de notre territoire les individus alg\u00e9riens en situation irr\u00e9guli\u00e8re\u00a0\u00bb, a confi\u00e9 le pr\u00e9sident au Figaro, justifiant sa d\u00e9cision en \u00e9voquant \u00ab\u00a0la d\u00e9linquance (de ces) individus\u00a0\u00bb.<\/p>\n<p class=\"asset asset-text\">S\u2019il affirme que l\u2019objectif de Paris est de \u00ab\u00a0retrouver des relations efficaces et ambitieuses avec l\u2019Alg\u00e9rie\u00a0\u00bb, il souligne \u00ab\u00a0avoir toujours agi avec une seule boussole\u00a0: l\u2019efficacit\u00e9 au service de la s\u00e9curit\u00e9 des Fran\u00e7ais\u00a0\u00bb. Son souhait d\u2019un retour aux \u00ab\u00a0relations fraternelles\u00a0\u00bb avec Alger ne devrait pas s\u2019exaucer de sit\u00f4t.<\/p>\n","protected":false},"excerpt":{"rendered":"LUDOVIC MARIN \/ AFP Emmanuel Macron ici le 14\u00a0juillet 2025, veut plus de \u00ab\u00a0fermet\u00e9\u00a0\u00bb envers l\u2019Alg\u00e9rie selon une&hellip;\n","protected":false},"author":2,"featured_media":301191,"comment_status":"","ping_status":"","sticky":false,"template":"","format":"standard","meta":{"footnotes":""},"categories":[4],"tags":[11,15,312,1073,1011,27,12,316,25],"class_list":{"0":"post-301190","1":"post","2":"type-post","3":"status-publish","4":"format-standard","5":"has-post-thumbnail","7":"category-france","8":"tag-actualites","9":"tag-algerie","10":"tag-diplomatie","11":"tag-emmanuel-macron","12":"tag-fr","13":"tag-france","14":"tag-news","15":"tag-politique","16":"tag-republique-francaise"},"share_on_mastodon":{"url":"https:\/\/pubeurope.com\/@fr\/114983723621012177","error":""},"_links":{"self":[{"href":"https:\/\/www.europesays.com\/fr\/wp-json\/wp\/v2\/posts\/301190","targetHints":{"allow":["GET"]}}],"collection":[{"href":"https:\/\/www.europesays.com\/fr\/wp-json\/wp\/v2\/posts"}],"about":[{"href":"https:\/\/www.europesays.com\/fr\/wp-json\/wp\/v2\/types\/post"}],"author":[{"embeddable":true,"href":"https:\/\/www.europesays.com\/fr\/wp-json\/wp\/v2\/users\/2"}],"replies":[{"embeddable":true,"href":"https:\/\/www.europesays.com\/fr\/wp-json\/wp\/v2\/comments?post=301190"}],"version-history":[{"count":0,"href":"https:\/\/www.europesays.com\/fr\/wp-json\/wp\/v2\/posts\/301190\/revisions"}],"wp:featuredmedia":[{"embeddable":true,"href":"https:\/\/www.europesays.com\/fr\/wp-json\/wp\/v2\/media\/301191"}],"wp:attachment":[{"href":"https:\/\/www.europesays.com\/fr\/wp-json\/wp\/v2\/media?parent=301190"}],"wp:term":[{"taxonomy":"category","embeddable":true,"href":"https:\/\/www.europesays.com\/fr\/wp-json\/wp\/v2\/categories?post=301190"},{"taxonomy":"post_tag","embeddable":true,"href":"https:\/\/www.europesays.com\/fr\/wp-json\/wp\/v2\/tags?post=301190"}],"curies":[{"name":"wp","href":"https:\/\/api.w.org\/{rel}","templated":true}]}}