{"id":301194,"date":"2025-08-06T20:33:21","date_gmt":"2025-08-06T20:33:21","guid":{"rendered":"https:\/\/www.europesays.com\/fr\/301194\/"},"modified":"2025-08-06T20:33:21","modified_gmt":"2025-08-06T20:33:21","slug":"le-barrage-du-gouffre-denfer-en-travaux-jusquen-2026","status":"publish","type":"post","link":"https:\/\/www.europesays.com\/fr\/301194\/","title":{"rendered":"Le barrage du gouffre d\u2019enfer en travaux jusqu\u2019en 2026"},"content":{"rendered":"<p><img decoding=\"async\" class=\"\" style=\"width:100%\" src=\"https:\/\/www.europesays.com\/fr\/wp-content\/uploads\/2025\/08\/gouffre1753693492477.jpg\" alt=\"Les ouvriers et repr\u00e9sentants du chantier du barrage\"\/><\/p>\n<p>Les ouvriers et repr\u00e9sentants du chantier du barrage<\/p>\n<p>Cr\u00e9dit : Activ Radio<\/p>\n<p>Les travaux vont se poursuivre \u00e0 Rochetaill\u00e9e. Le c\u00e9l\u00e8bre barrage du gouffre d\u2019enfer, \u00e9tabli au milieu du XIX\u00e8me si\u00e8cle pour conserver de l\u2019eau potable, d\u00e9bute la deuxi\u00e8me phase des travaux, commenc\u00e9s il y a maintenant un an.<\/p>\n<p>En avril 2024, cela avait commenc\u00e9 avec la r\u00e9habilitation de la \u00ab ventellerie \u00bb. Elle contr\u00f4le l\u2019\u00e9coulement de l\u2019eau vers le r\u00e9servoir du barrage ou vers la \u00ab Fausse rivi\u00e8re \u00bb. Les travaux ont permis la restauration de la ma\u00e7onnerie du processus, la r\u00e9habilitation des berges ma\u00e7onn\u00e9s et la r\u00e9paration de la passerelle. Le mur de la fausse rivi\u00e8re a \u00e9t\u00e9 r\u00e9par\u00e9 et 5 nouvelles vannes ainsi que 10 m\u00e9canismes de levages des vannes ont \u00e9t\u00e9 restaur\u00e9s.<\/p>\n<p><strong>Des travaux pour limiter le risque de crues<\/strong><\/p>\n<p>\u00ab\u00a0Installer un syst\u00e8me permettant de maintenir le barrage vide en permanence, renfor\u00e7ant ainsi la s\u00e9curit\u00e9 hydrologique du site\u00a0\u00bb, indique la m\u00e9tropole. Bien avant les \u00e9v\u00e8nements d\u2019octobre 2024 \u00e0 Rive de Gier, la capitale lig\u00e9rienne avait r\u00e9fl\u00e9chi \u00e0 renforcer ses d\u00e9fenses contre les inondations.<\/p>\n<p>Pour maintenir le barrage vide, la vidange de fond est indispensable. Elle permet de contr\u00f4ler le volume d\u2019eau dans le barrage. Les travaux remplaceront l\u2019actuel vidange de fond pour une plus grande allant jusqu\u2019au parking. Pour lib\u00e9rer l\u2019eau, une chambre des vannes sera install\u00e9e en plus d\u2019une nouvelle vanne. Enfin, les chemins reliant le barrage seront restaur\u00e9s tout comme les murs.<\/p>\n","protected":false},"excerpt":{"rendered":"Les ouvriers et repr\u00e9sentants du chantier du barrage Cr\u00e9dit : Activ Radio Les travaux vont se poursuivre \u00e0&hellip;\n","protected":false},"author":2,"featured_media":301195,"comment_status":"","ping_status":"","sticky":false,"template":"","format":"standard","meta":{"footnotes":""},"categories":[9653],"tags":[1111,11,2430,8368,1777,674,1011,27,3367,12,25,4001,2086],"class_list":{"0":"post-301194","1":"post","2":"type-post","3":"status-publish","4":"format-standard","5":"has-post-thumbnail","7":"category-saint-etienne","8":"tag-actu","9":"tag-actualites","10":"tag-auvergne-rhone-alpes","11":"tag-barrages","12":"tag-eu","13":"tag-europe","14":"tag-fr","15":"tag-france","16":"tag-loire","17":"tag-news","18":"tag-republique-francaise","19":"tag-saint-etienne","20":"tag-travaux"},"share_on_mastodon":{"url":"https:\/\/pubeurope.com\/@fr\/114983731393999078","error":""},"_links":{"self":[{"href":"https:\/\/www.europesays.com\/fr\/wp-json\/wp\/v2\/posts\/301194","targetHints":{"allow":["GET"]}}],"collection":[{"href":"https:\/\/www.europesays.com\/fr\/wp-json\/wp\/v2\/posts"}],"about":[{"href":"https:\/\/www.europesays.com\/fr\/wp-json\/wp\/v2\/types\/post"}],"author":[{"embeddable":true,"href":"https:\/\/www.europesays.com\/fr\/wp-json\/wp\/v2\/users\/2"}],"replies":[{"embeddable":true,"href":"https:\/\/www.europesays.com\/fr\/wp-json\/wp\/v2\/comments?post=301194"}],"version-history":[{"count":0,"href":"https:\/\/www.europesays.com\/fr\/wp-json\/wp\/v2\/posts\/301194\/revisions"}],"wp:featuredmedia":[{"embeddable":true,"href":"https:\/\/www.europesays.com\/fr\/wp-json\/wp\/v2\/media\/301195"}],"wp:attachment":[{"href":"https:\/\/www.europesays.com\/fr\/wp-json\/wp\/v2\/media?parent=301194"}],"wp:term":[{"taxonomy":"category","embeddable":true,"href":"https:\/\/www.europesays.com\/fr\/wp-json\/wp\/v2\/categories?post=301194"},{"taxonomy":"post_tag","embeddable":true,"href":"https:\/\/www.europesays.com\/fr\/wp-json\/wp\/v2\/tags?post=301194"}],"curies":[{"name":"wp","href":"https:\/\/api.w.org\/{rel}","templated":true}]}}