{"id":301200,"date":"2025-08-06T20:36:15","date_gmt":"2025-08-06T20:36:15","guid":{"rendered":"https:\/\/www.europesays.com\/fr\/301200\/"},"modified":"2025-08-06T20:36:15","modified_gmt":"2025-08-06T20:36:15","slug":"necrologie-deces-de-marcel-zalai","status":"publish","type":"post","link":"https:\/\/www.europesays.com\/fr\/301200\/","title":{"rendered":"N\u00e9crologie. D\u00e9c\u00e8s de Marcel Zalai"},"content":{"rendered":"<p>Nous apprenons le d\u00e9c\u00e8s de Marcel Zalai survenu le 1er \u00a0ao\u00fbt \u00e0 l\u2019\u00e2ge de 73 ans.<\/p>\n<p>Scolaris\u00e9 \u00e0 Dieuze, sa ville natale, puis \u00e0 Nancy o\u00f9 il apprend le m\u00e9tier de cuisinier, c\u2019est \u00e0 Flavigny qu\u2019il ouvre en 1979 son premier restaurant.<\/p>\n<p>Successivement ma\u00eetre d\u2019h\u00f4tel \u00e0 la taverne Cuny, rue Raymond-Poincar\u00e9 \u00e0 Nancy, g\u00e9rant de La Ravinelle, propri\u00e9taire de la Taverne de Ma\u00eetre-Marcel, il \u00e9tait encore \u00e0 la t\u00eate de l\u2019Auberge de Ma\u00eetre-Marcel, route de Maron.<\/p>\n<p>Marcel \u00e9tait un homme simple, accueillant, g\u00e9n\u00e9reux, attach\u00e9 \u00e0 sa famille, \u00e0 son \u00e9pouse Hakima, \u00e0 ses enfants Reda et Dina qu\u2019il ch\u00e9rissait, \u00e0 ses amis et \u00e0 sa client\u00e8le.<\/p>\n<p>Passionn\u00e9 par son m\u00e9tier, il appartenait \u00e0 la grande cha\u00eene des Ma\u00eetres R\u00f4tisseurs de France. Mais il \u00e9tait \u00e9galement musicien (il pratiquait l\u2019accord\u00e9on avec talent) et amoureux de la nature et tout particuli\u00e8rement des animaux. Ses amis et sa client\u00e8le garderont le souvenir de lui avec ses poules, ses canards, et avec son \u00e2ne Tintin qui occupait une grande place dans sa vie. Nos condol\u00e9ances.<\/p>\n","protected":false},"excerpt":{"rendered":"Nous apprenons le d\u00e9c\u00e8s de Marcel Zalai survenu le 1er \u00a0ao\u00fbt \u00e0 l\u2019\u00e2ge de 73 ans. Scolaris\u00e9 \u00e0&hellip;\n","protected":false},"author":2,"featured_media":301201,"comment_status":"","ping_status":"","sticky":false,"template":"","format":"standard","meta":{"footnotes":""},"categories":[9635],"tags":[1111,11,9223,1704,1777,674,1011,27,775,1702,1703,1391,12,25,104],"class_list":{"0":"post-301200","1":"post","2":"type-post","3":"status-publish","4":"format-standard","5":"has-post-thumbnail","7":"category-nancy","8":"tag-actu","9":"tag-actualites","10":"tag-carnet-du-jour","11":"tag-edition-nancy-et-agglomeration","12":"tag-eu","13":"tag-europe","14":"tag-fr","15":"tag-france","16":"tag-grand-est","17":"tag-nancy","18":"tag-nancy-ville-54b","19":"tag-necrologie","20":"tag-news","21":"tag-republique-francaise","22":"tag-societe"},"share_on_mastodon":{"url":"https:\/\/pubeurope.com\/@fr\/114983743213239486","error":""},"_links":{"self":[{"href":"https:\/\/www.europesays.com\/fr\/wp-json\/wp\/v2\/posts\/301200","targetHints":{"allow":["GET"]}}],"collection":[{"href":"https:\/\/www.europesays.com\/fr\/wp-json\/wp\/v2\/posts"}],"about":[{"href":"https:\/\/www.europesays.com\/fr\/wp-json\/wp\/v2\/types\/post"}],"author":[{"embeddable":true,"href":"https:\/\/www.europesays.com\/fr\/wp-json\/wp\/v2\/users\/2"}],"replies":[{"embeddable":true,"href":"https:\/\/www.europesays.com\/fr\/wp-json\/wp\/v2\/comments?post=301200"}],"version-history":[{"count":0,"href":"https:\/\/www.europesays.com\/fr\/wp-json\/wp\/v2\/posts\/301200\/revisions"}],"wp:featuredmedia":[{"embeddable":true,"href":"https:\/\/www.europesays.com\/fr\/wp-json\/wp\/v2\/media\/301201"}],"wp:attachment":[{"href":"https:\/\/www.europesays.com\/fr\/wp-json\/wp\/v2\/media?parent=301200"}],"wp:term":[{"taxonomy":"category","embeddable":true,"href":"https:\/\/www.europesays.com\/fr\/wp-json\/wp\/v2\/categories?post=301200"},{"taxonomy":"post_tag","embeddable":true,"href":"https:\/\/www.europesays.com\/fr\/wp-json\/wp\/v2\/tags?post=301200"}],"curies":[{"name":"wp","href":"https:\/\/api.w.org\/{rel}","templated":true}]}}