{"id":301202,"date":"2025-08-06T20:37:10","date_gmt":"2025-08-06T20:37:10","guid":{"rendered":"https:\/\/www.europesays.com\/fr\/301202\/"},"modified":"2025-08-06T20:37:10","modified_gmt":"2025-08-06T20:37:10","slug":"toulon-michel-castet-la57-un-chantier-exigeant-mais-profondement-collectif","status":"publish","type":"post","link":"https:\/\/www.europesays.com\/fr\/301202\/","title":{"rendered":"TOULON : Michel CASTET : \u00ab L\u2019A57, un chantier exigeant mais profond\u00e9ment collectif \u00bb !"},"content":{"rendered":"<p style=\"font-weight: 400;\"><strong>Apr\u00e8s quatre ans et demi de travaux intenses, l\u2019autoroute A57 \u00e0 Toulon s\u2019est m\u00e9tamorphos\u00e9e avec son \u00e9largissement en 2 x 3 voies sur un axe de 7 km.<\/strong><\/p>\n<p style=\"font-weight: 400;\">Un d\u00e9fi technique et logistique port\u00e9 par VINCI Autoroutes avec un investissement de 300 millions d\u2019\u20ac et men\u00e9 en partenariat avec le groupement NGE. Mais derri\u00e8re les chiffres et les infrastructures, c\u2019est avant tout une aventure humaine, faite de sacrifices, de solidarit\u00e9 et d\u2019\u00e9motions fortes. Michel Castet, directeur d\u2019op\u00e9ration, partage son exp\u00e9rience au c\u0153ur de ce projet hors norme. Il r\u00e9pond aux questions de La Gazette du Var.<\/p>\n<p style=\"font-weight: 400;\"><strong>Comment cette exp\u00e9rience a-t-elle fa\u00e7onn\u00e9 votre vision du leadership et du travail en \u00e9quipe ?<\/strong><\/p>\n<p style=\"font-weight: 400;\"><strong>Michel CASTET.<\/strong>\u00a0Un projet d\u2019une telle ampleur ne peut r\u00e9ussir qu\u2019avec une coh\u00e9sion totale. Il faut \u00eatre solidaire, laisser les hi\u00e9rarchies de c\u00f4t\u00e9 et travailler dans une dynamique de confiance. Une telle aventure nous pousse \u00e0 aller au-del\u00e0 de nos fonctions habituelles, \u00e0 \u00eatre plus attentifs aux autres et \u00e0 comprendre leurs difficult\u00e9s. Cela a renforc\u00e9 ma conviction qu\u2019un bon leadership repose sur l\u2019\u00e9coute et la capacit\u00e9 \u00e0 rassembler des personnes autour d\u2019un m\u00eame objectif.<\/p>\n<p style=\"font-weight: 400;\"><strong>Y a-t-il eu des moments de tension ou de doute ?<\/strong><\/p>\n<p>Un chantier comme celui-ci implique des responsabilit\u00e9s \u00e9normes, des d\u00e9cisions \u00e0 prendre vite, et parfois, des impr\u00e9vus qui bouleversent tout. Il y a eu des nuits o\u00f9 l\u2019on se demandait comment on allait g\u00e9rer certaines situations, mais au final, c\u2019est le collectif qui fait la diff\u00e9rence. Quand on voit la mobilisation des \u00e9quipes, leur engagement malgr\u00e9 la fatigue et les obstacles, on trouve toujours une solution.<\/p>\n<p style=\"font-weight: 400;\"><strong>L\u2019impact sur la vie personnelle : un \u00e9quilibre d\u00e9licat<\/strong><\/p>\n<p style=\"font-weight: 400;\"><strong>Ce chantier a-t-il modifi\u00e9 votre vie familiale ?<\/strong><\/p>\n<p>Oui, \u00e9norm\u00e9ment. Avant, ma famille suivait mes d\u00e9placements, d\u00e9m\u00e9nageant tous les quatre ans au gr\u00e9 des affectations. Pour ce projet, nous avons chang\u00e9 d\u2019approche : je pars en semaine et rentre le week-end. Ce choix a profond\u00e9ment transform\u00e9 notre quotidien. Mes enfants, qui avaient l\u2019habitude de changer d\u2019\u00e9cole et de rep\u00e8res, ont trouv\u00e9 une stabilit\u00e9. Ma femme aussi. De mon c\u00f4t\u00e9, cela m\u2019a appris \u00e0 profiter pleinement des moments pass\u00e9s chez moi. On ne r\u00e9alise pas toujours \u00e0 quel point ces instants sont pr\u00e9cieux avant de devoir les organiser diff\u00e9remment. Il est ind\u00e9niable que cet aspect \u00e0 un retentissement positif sur la gestion d\u2019un tel chantier.<\/p>\n<p style=\"font-weight: 400;\"><strong>Avez-vous ressenti des sacrifices ou des difficult\u00e9s ?<\/strong><\/p>\n<p>\u00catre absent toute la semaine implique un manque, des moments qu\u2019on rate. Mais avec le temps, on apprend \u00e0 ajuster. Le week-end devient sacr\u00e9 : c\u2019est un vrai retour \u00e0 la famille, sans distraction professionnelle. Et paradoxalement, je suis plus disponible pour eux aujourd\u2019hui que lorsque nous d\u00e9m\u00e9nagions r\u00e9guli\u00e8rement.<\/p>\n<p style=\"font-weight: 400;\"><strong>Les \u00e9motions fortes du chantier<\/strong><\/p>\n<p style=\"font-weight: 400;\"><strong>Y a-t-il un souvenir qui vous a particuli\u00e8rement marqu\u00e9 ?<\/strong><\/p>\n<p>Un des moments les plus marquants, c\u2019est la d\u00e9molition de l\u2019ouvrage de Tombadou. Ce week-end, nous avons d\u00fb affronter des conditions m\u00e9t\u00e9o catastrophiques. On avait pr\u00e9vu plusieurs interventions, mais seules les d\u00e9molitions ont pu \u00eatre maintenues. Ce qui m\u2019a surpris, c\u2019est que malgr\u00e9 la pluie battante, des riverains, des \u00e9lus et des membres de comit\u00e9s de quartier sont venus voir les travaux. Il y avait une vraie connexion entre nous et les habitants, une compr\u00e9hension mutuelle du projet. C\u2019est dans ces moments-l\u00e0 que l\u2019on se rend compte que derri\u00e8re l\u2019ing\u00e9nierie et les infrastructures, il y a avant tout un impact humain.<\/p>\n<p style=\"font-weight: 400;\"><strong>Un projet qui marque une vie<\/strong><\/p>\n<p style=\"font-weight: 400;\"><strong>Quel bilan personnel tirez-vous de cette aventure ?<\/strong><\/p>\n<p>Ce chantier n\u2019a pas seulement \u00e9t\u00e9 une exp\u00e9rience technique, c\u2019\u00e9tait une immersion humaine, une d\u00e9couverte de la solidarit\u00e9 entre les \u00e9quipes, des d\u00e9fis personnels, et aussi une rencontre avec une r\u00e9gion que je ne connaissais pas. J\u2019ai d\u00e9couvert Toulon et le Var, et j\u2019ai \u00e9t\u00e9 s\u00e9duit par leur dynamisme et leur beaut\u00e9. Ce projet laisse une empreinte forte, et si je devais repartir sur une mission similaire, je le ferais sans h\u00e9siter.<\/p>\n<p><b>Propos recueillis par Pierre BEGLIOMINI \u2013 Photo Philippe OLIVIER.<\/b><\/p>\n","protected":false},"excerpt":{"rendered":"Apr\u00e8s quatre ans et demi de travaux intenses, l\u2019autoroute A57 \u00e0 Toulon s\u2019est m\u00e9tamorphos\u00e9e avec son \u00e9largissement en&hellip;\n","protected":false},"author":2,"featured_media":301203,"comment_status":"","ping_status":"","sticky":false,"template":"","format":"standard","meta":{"footnotes":""},"categories":[9619],"tags":[1111,11,1777,674,1011,27,12,882,25,2310],"class_list":{"0":"post-301202","1":"post","2":"type-post","3":"status-publish","4":"format-standard","5":"has-post-thumbnail","7":"category-toulon","8":"tag-actu","9":"tag-actualites","10":"tag-eu","11":"tag-europe","12":"tag-fr","13":"tag-france","14":"tag-news","15":"tag-provence-alpes-cote-dazur","16":"tag-republique-francaise","17":"tag-toulon"},"share_on_mastodon":{"url":"https:\/\/pubeurope.com\/@fr\/114983747162002644","error":""},"_links":{"self":[{"href":"https:\/\/www.europesays.com\/fr\/wp-json\/wp\/v2\/posts\/301202","targetHints":{"allow":["GET"]}}],"collection":[{"href":"https:\/\/www.europesays.com\/fr\/wp-json\/wp\/v2\/posts"}],"about":[{"href":"https:\/\/www.europesays.com\/fr\/wp-json\/wp\/v2\/types\/post"}],"author":[{"embeddable":true,"href":"https:\/\/www.europesays.com\/fr\/wp-json\/wp\/v2\/users\/2"}],"replies":[{"embeddable":true,"href":"https:\/\/www.europesays.com\/fr\/wp-json\/wp\/v2\/comments?post=301202"}],"version-history":[{"count":0,"href":"https:\/\/www.europesays.com\/fr\/wp-json\/wp\/v2\/posts\/301202\/revisions"}],"wp:featuredmedia":[{"embeddable":true,"href":"https:\/\/www.europesays.com\/fr\/wp-json\/wp\/v2\/media\/301203"}],"wp:attachment":[{"href":"https:\/\/www.europesays.com\/fr\/wp-json\/wp\/v2\/media?parent=301202"}],"wp:term":[{"taxonomy":"category","embeddable":true,"href":"https:\/\/www.europesays.com\/fr\/wp-json\/wp\/v2\/categories?post=301202"},{"taxonomy":"post_tag","embeddable":true,"href":"https:\/\/www.europesays.com\/fr\/wp-json\/wp\/v2\/tags?post=301202"}],"curies":[{"name":"wp","href":"https:\/\/api.w.org\/{rel}","templated":true}]}}