{"id":301204,"date":"2025-08-06T20:38:10","date_gmt":"2025-08-06T20:38:10","guid":{"rendered":"https:\/\/www.europesays.com\/fr\/301204\/"},"modified":"2025-08-06T20:38:10","modified_gmt":"2025-08-06T20:38:10","slug":"une-recrue-du-rc-toulon-totalement-impressionnee-par-nonu-et-parisse-cest-incroyable","status":"publish","type":"post","link":"https:\/\/www.europesays.com\/fr\/301204\/","title":{"rendered":"Une recrue du RC Toulon totalement impressionn\u00e9e par Nonu et Parisse : \u00ab\u00a0C\u2019est incroyable !\u00a0\u00bb"},"content":{"rendered":"<p>Le trois-quarts centre international Italien Juan Ignacio Brex s\u2019est confi\u00e9 via <a href=\"https:\/\/www.varmatin.com\/sport\/c-est-comme-un-reve-d-etre-a-toulon-l-international-italien-juan-ignacio-brex-euphorique-a-propos-de-son-arrivee-au-rct-996999?t=1754465169\" rel=\"nofollow noopener\" target=\"_blank\">Var-matin<\/a>.<\/p>\n<p>Le joueur de 33 ans qui compte 46 s\u00e9lections avec l\u2019Italie a exprim\u00e9 sa joie de rejoindre le groupe Toulonnais.<\/p>\n<p><strong>Il indique \u00eatre totalement fan de Ma\u2019a Nonu et Sergio Parisse, deux membres du RCT. Extrait:<\/strong><\/p>\n<p>C\u2019est incroyable! J\u2019essaie de m\u2019am\u00e9liorer en les regardant ou en les \u00e9coutant. Ils ont pratiqu\u00e9 ce sport avant moi. Et donc, il y a fort \u00e0 parier qu\u2019ils savent plus de choses\u00a0(rires). C\u2019est pour moi le temps d\u2019\u00e9couter et de m\u2019am\u00e9liorer encore.<\/p>\n<p><strong>Le RCT compte de plus en plus d\u2019Italiens dans son groupe. Il r\u00e9agit. Extrait:<\/strong><\/p>\n<p>Je suis comme le petit nouveau qui arrive \u00e0 l\u2019\u00e9cole (rires). Et, avec eux, je peux apprendre plus vite le fran\u00e7ais, parce que je leur demande tout le temps des choses! Puis, ils connaissent l\u2019\u00e9quipe, donc je peux aussi me rapprocher des autres plus facilement, plus vite.<\/p>\n<p><strong>Il pr\u00e9cise connaitre tr\u00e8s bien l\u2019ouvreur Paolo Garbisi pour jouer r\u00e9guli\u00e8rement avec lui en s\u00e9lection. Extrait:<\/strong><\/p>\n<p>C\u2019est clair que c\u2019est encore mieux m\u00eame si, \u00e9videmment, il nous reste \u00e0 \u00eatre align\u00e9s ensemble. Mais Paolo me conna\u00eet et je connais Paolo. Il est tr\u00e8s passionn\u00e9 et nous avons une excellente connexion sur le terrain. Nous communiquons toujours beaucoup l\u2019un avec l\u2019autre. Bon, maintenant, je vais devoir lui parler en fran\u00e7ais, mais \u00e7a va le faire!<\/p>\n<p><strong>Il explique connaitre \u00e9galement tr\u00e8s bien Andrea Masi, l\u2019entraineur des arri\u00e8res du RCT. Extrait:<\/strong><\/p>\n<p>Il me conna\u00eet tr\u00e8s bien. Nous avons longtemps travaill\u00e9 ensemble et, bien s\u00fbr, je voulais de nouveau \u00e9voluer avec lui. \u00c9videmment, on avait parl\u00e9 ensemble de cette possibilit\u00e9. Je l\u2019ai appel\u00e9, il m\u2019a appel\u00e9\u2026 J\u2019esp\u00e8re qu\u2019il a pouss\u00e9 aupr\u00e8s de la direction pour que je vienne. Je ne sais pas, mais c\u2019est probable!<\/p>\n","protected":false},"excerpt":{"rendered":"Le trois-quarts centre international Italien Juan Ignacio Brex s\u2019est confi\u00e9 via Var-matin. Le joueur de 33 ans qui&hellip;\n","protected":false},"author":2,"featured_media":284369,"comment_status":"","ping_status":"","sticky":false,"template":"","format":"standard","meta":{"footnotes":""},"categories":[9619],"tags":[1111,11,1777,674,1011,27,12,882,25,2310],"class_list":{"0":"post-301204","1":"post","2":"type-post","3":"status-publish","4":"format-standard","5":"has-post-thumbnail","7":"category-toulon","8":"tag-actu","9":"tag-actualites","10":"tag-eu","11":"tag-europe","12":"tag-fr","13":"tag-france","14":"tag-news","15":"tag-provence-alpes-cote-dazur","16":"tag-republique-francaise","17":"tag-toulon"},"share_on_mastodon":{"url":"https:\/\/pubeurope.com\/@fr\/114983751148422926","error":""},"_links":{"self":[{"href":"https:\/\/www.europesays.com\/fr\/wp-json\/wp\/v2\/posts\/301204","targetHints":{"allow":["GET"]}}],"collection":[{"href":"https:\/\/www.europesays.com\/fr\/wp-json\/wp\/v2\/posts"}],"about":[{"href":"https:\/\/www.europesays.com\/fr\/wp-json\/wp\/v2\/types\/post"}],"author":[{"embeddable":true,"href":"https:\/\/www.europesays.com\/fr\/wp-json\/wp\/v2\/users\/2"}],"replies":[{"embeddable":true,"href":"https:\/\/www.europesays.com\/fr\/wp-json\/wp\/v2\/comments?post=301204"}],"version-history":[{"count":0,"href":"https:\/\/www.europesays.com\/fr\/wp-json\/wp\/v2\/posts\/301204\/revisions"}],"wp:featuredmedia":[{"embeddable":true,"href":"https:\/\/www.europesays.com\/fr\/wp-json\/wp\/v2\/media\/284369"}],"wp:attachment":[{"href":"https:\/\/www.europesays.com\/fr\/wp-json\/wp\/v2\/media?parent=301204"}],"wp:term":[{"taxonomy":"category","embeddable":true,"href":"https:\/\/www.europesays.com\/fr\/wp-json\/wp\/v2\/categories?post=301204"},{"taxonomy":"post_tag","embeddable":true,"href":"https:\/\/www.europesays.com\/fr\/wp-json\/wp\/v2\/tags?post=301204"}],"curies":[{"name":"wp","href":"https:\/\/api.w.org\/{rel}","templated":true}]}}