{"id":301213,"date":"2025-08-06T20:48:13","date_gmt":"2025-08-06T20:48:13","guid":{"rendered":"https:\/\/www.europesays.com\/fr\/301213\/"},"modified":"2025-08-06T20:48:13","modified_gmt":"2025-08-06T20:48:13","slug":"une-fete-des-baigneurs-reussie-a-rennes-les-bains","status":"publish","type":"post","link":"https:\/\/www.europesays.com\/fr\/301213\/","title":{"rendered":"Une f\u00eate des Baigneurs r\u00e9ussie \u00e0 Rennes-les-Bains"},"content":{"rendered":"<p>Au cours de la d\u00e9ambulation depuis le plateau sportif jusqu\u2019au parc de la Reine, les participants \u00e0 la f\u00eate des Baigneurs organis\u00e9e au sein de la station thermale audoise, ce dimanche 3 ao\u00fbt, a fait une halte sur la place des Deux Rennes.<\/p>\n<p>L\u00e0, les musiciens ont initi\u00e9 les participants aux pas rythm\u00e9s, avant de repartir en fanfare vers la destination finale o\u00f9 la f\u00eate se prolongeait autour de stands de restauration rapide. <\/p>\n<p>En effet, cette f\u00eate annuelle symbolise les soins thermaux et les festivit\u00e9s qui y \u00e9taient li\u00e9es au cours du XIXe si\u00e8cle. P\u00e9riode au cours de laquelle les \u00e9tablissements thermaux \u00e9taient nombreux y compris en Haute Vall\u00e9e de l\u2019Aude o\u00f9 Rennes-les-Bains demeure aujourd\u2019hui la seule survivante en terre audoise. <\/p>\n","protected":false},"excerpt":{"rendered":"Au cours de la d\u00e9ambulation depuis le plateau sportif jusqu\u2019au parc de la Reine, les participants \u00e0 la&hellip;\n","protected":false},"author":2,"featured_media":301214,"comment_status":"","ping_status":"","sticky":false,"template":"","format":"standard","meta":{"footnotes":""},"categories":[2821],"tags":[1111,11,829,1777,674,1011,27,12,584,25],"class_list":{"0":"post-301213","1":"post","2":"type-post","3":"status-publish","4":"format-standard","5":"has-post-thumbnail","7":"category-rennes","8":"tag-actu","9":"tag-actualites","10":"tag-bretagne","11":"tag-eu","12":"tag-europe","13":"tag-fr","14":"tag-france","15":"tag-news","16":"tag-rennes","17":"tag-republique-francaise"},"share_on_mastodon":{"url":"https:\/\/pubeurope.com\/@fr\/114983791262191233","error":""},"_links":{"self":[{"href":"https:\/\/www.europesays.com\/fr\/wp-json\/wp\/v2\/posts\/301213","targetHints":{"allow":["GET"]}}],"collection":[{"href":"https:\/\/www.europesays.com\/fr\/wp-json\/wp\/v2\/posts"}],"about":[{"href":"https:\/\/www.europesays.com\/fr\/wp-json\/wp\/v2\/types\/post"}],"author":[{"embeddable":true,"href":"https:\/\/www.europesays.com\/fr\/wp-json\/wp\/v2\/users\/2"}],"replies":[{"embeddable":true,"href":"https:\/\/www.europesays.com\/fr\/wp-json\/wp\/v2\/comments?post=301213"}],"version-history":[{"count":0,"href":"https:\/\/www.europesays.com\/fr\/wp-json\/wp\/v2\/posts\/301213\/revisions"}],"wp:featuredmedia":[{"embeddable":true,"href":"https:\/\/www.europesays.com\/fr\/wp-json\/wp\/v2\/media\/301214"}],"wp:attachment":[{"href":"https:\/\/www.europesays.com\/fr\/wp-json\/wp\/v2\/media?parent=301213"}],"wp:term":[{"taxonomy":"category","embeddable":true,"href":"https:\/\/www.europesays.com\/fr\/wp-json\/wp\/v2\/categories?post=301213"},{"taxonomy":"post_tag","embeddable":true,"href":"https:\/\/www.europesays.com\/fr\/wp-json\/wp\/v2\/tags?post=301213"}],"curies":[{"name":"wp","href":"https:\/\/api.w.org\/{rel}","templated":true}]}}