{"id":301219,"date":"2025-08-06T20:52:11","date_gmt":"2025-08-06T20:52:11","guid":{"rendered":"https:\/\/www.europesays.com\/fr\/301219\/"},"modified":"2025-08-06T20:52:11","modified_gmt":"2025-08-06T20:52:11","slug":"la-justice-cest-bien-mais-cest-trop-tard-apres-avoir-perdu-son-mari-a-nice-lors-dun-accrochage-sur-la-route-elle-temoigne","status":"publish","type":"post","link":"https:\/\/www.europesays.com\/fr\/301219\/","title":{"rendered":"\u00ab\u00a0La justice c\u2019est bien, mais c\u2019est trop tard\u00a0\u00bb: apr\u00e8s avoir perdu son mari \u00e0 Nice lors d&rsquo;un accrochage sur la route, elle t\u00e9moigne"},"content":{"rendered":"<p>Huit ann\u00e9es se sont \u00e9coul\u00e9es. Mais elles n\u2019ont rien effac\u00e9. Si Anne a appris \u00e0 vivre avec le vide laiss\u00e9 par la mort de son compagnon, tu\u00e9 par un coup de poing lors d\u2019un banal accrochage entre deux v\u00e9hicules sur la p\u00e9n\u00e9trante du Paillon en 2017, \u00ab\u00a0chaque mort injuste sur la route, comme celle de ces deux infirmi\u00e8res sur l\u2019autoroute \u00e0 Mandelieu [le 26 juin] ravive en moi de la col\u00e8re et beaucoup de compassion pour les familles de victimes.\u00a0\u00bb<\/p>\n<p>Le 18 mai 2017, en fin de journ\u00e9e, son compagnon rentre du travail. Jean-Pierre Lapi est au volant de son pick-up. Ce chef d\u2019entreprise du b\u00e2timent \u00e0 Monaco ne reviendra jamais \u00e0 son domicile. Un banal accrochage survient avec un autre automobiliste.<\/p>\n<p>Les deux v\u00e9hicules se heurtent l\u00e9g\u00e8rement. Les deux conducteurs descendent. Un coup de poing fuse en plein dans la figure de Jean-Pierre.<\/p>\n<p>Il tombe et il succombera trois semaines plus tard d\u2019un traumatisme cr\u00e2nien. Il n\u2019est jamais sorti du coma. Aucunes traces de drogue ou d\u2019alcool ne seront relev\u00e9es chez les conducteurs.<\/p>\n<p>Une banale dispute au volant qui se termine tragiquement. Et en quelques secondes, les vies de deux familles qui basculent.<\/p>\n<p>\u00ab\u00a0La route me terrorise\u00a0\u00bb<\/p>\n<p>\u00ab\u00a0On ne se remet jamais d\u2019un tel drame. Et c\u2019est d\u2019autant plus injuste que je suis persuad\u00e9e qu\u2019on peut \u00e9viter de telles trag\u00e9dies. Huit ans apr\u00e8s la perte de mon compagnon, la route me terrorise encore. Ma vie quotidienne est impact\u00e9e \u00e0 jamais. Jusqu\u2019ici, je n\u2019ai jamais os\u00e9 prendre la parole. Aujourd\u2019hui, je veux le faire. Pas pour plus de justice, mais pour \u00e9viter que ces drames arrivent. Il fait absolument \u0153uvrer en amont et \u00e7a passe par la pr\u00e9vention et l\u2019\u00e9ducation de tous les usagers de la route.\u00a0\u00bb<\/p>\n<p>\u00ab\u00a0La justice vient apr\u00e8s et \u00e7a ne r\u00e9pare jamais totalement\u00a0\u00bb<\/p>\n<p>Pour Anne, les familles des victimes ont aujourd\u2019hui juste gagn\u00e9 une partie de la bataille avec la loi sur l\u2019homicide routier.<\/p>\n<p>\u00ab\u00a0La justice? Bien s\u00fbr que c\u2019est essentiel, t\u00e9moigne-t-elle. Elle participe peut-\u00eatre \u00e0 faire le deuil mais alors il faut laisser plus de place aux victimes dans les proc\u00e8s. Mais quelle qu\u2019elle soit, la condamnation ne change rien \u00e0 la douleur. Elle vient apr\u00e8s. Et apr\u00e8s, c\u2019est trop tard, \u00e7a ne r\u00e9pare jamais. Il faut agir avant. C\u2019est imp\u00e9ratif pour ne pas que nos routes se transforment en bombe humaine.\u00a0\u00bb<\/p>\n<p>\u00ab\u00a0Il faut \u00e9duquer et encore \u00e9duquer\u00a0\u00bb<\/p>\n<p>Pour Anne, dans le combat contre les violences routi\u00e8res, on m\u00e9prise la pr\u00e9vention et l\u2019\u00e9ducation: \u00ab\u00a0Mon compagnon est d\u00e9c\u00e9d\u00e9 \u00e0 la suite du coup de poing d\u2019un autre automobiliste. Le contexte, c\u2019\u00e9tait une circulation difficile en fin de journ\u00e9e marqu\u00e9e par des ralentissements. Pas de drogue, pas d\u2019alcool. Mais une puissante agressivit\u00e9 qui l\u2019a plong\u00e9 dans le coma. Par qui est-ce audible dans une soci\u00e9t\u00e9 civilis\u00e9e avec des gens cens\u00e9s \u00eatre \u00e9duqu\u00e9s? Que l\u2019alcool et la drogue soient en jeu, ou pas, il faut \u00e9duquer et encore \u00e9duquer aux bons comportements sur la route. Comme on \u00e9duque aujourd\u2019hui les enfants \u00e0 pr\u00e9server notre plan\u00e8te, \u00e9duquons-les aussi \u00e0 pr\u00e9server nos routes de tels drames. Mais faisons-le vraiment en faisant t\u00e9moigner les victimes, quand c\u2019est encore possible, ainsi que les proches.\u00a0\u00bb<\/p>\n<p>\u00ab\u00a0Il faut plus de contr\u00f4les, en journ\u00e9e aussi\u00a0\u00bb<\/p>\n<p>Elle appelle aussi \u00ab\u00a0\u00e0 plus de contr\u00f4les sur les routes. En quarante-trois ans de conduite, je n\u2019ai jamais \u00e9t\u00e9 contr\u00f4l\u00e9e une seule fois. La violence routi\u00e8re, ce n\u2019est pas que le samedi soir \u00e0 la sortie des discoth\u00e8ques. Mon compagnon s\u2019est fait tuer \u00e0 17 heures. Pour ces deux pauvres infirmi\u00e8res, c\u2019\u00e9tait \u00e0 6 heures. Prenons le probl\u00e8me en amont et faisons en sorte que la route ne soit plus un cimeti\u00e8re. On est tous des victimes potentielles. Il faut que \u00e7a s\u2019arr\u00eate.\u00a0\u00bb<\/p>\n","protected":false},"excerpt":{"rendered":"Huit ann\u00e9es se sont \u00e9coul\u00e9es. Mais elles n\u2019ont rien effac\u00e9. Si Anne a appris \u00e0 vivre avec le&hellip;\n","protected":false},"author":2,"featured_media":301220,"comment_status":"","ping_status":"","sticky":false,"template":"","format":"standard","meta":{"footnotes":""},"categories":[2819],"tags":[1111,11,1777,674,332,118,1011,27,12,2401,882,25,240],"class_list":{"0":"post-301219","1":"post","2":"type-post","3":"status-publish","4":"format-standard","5":"has-post-thumbnail","7":"category-nice","8":"tag-actu","9":"tag-actualites","10":"tag-eu","11":"tag-europe","12":"tag-faits-de-societe","13":"tag-faits-divers","14":"tag-fr","15":"tag-france","16":"tag-news","17":"tag-nice","18":"tag-provence-alpes-cote-dazur","19":"tag-republique-francaise","20":"tag-temoignage"},"share_on_mastodon":{"url":"https:\/\/pubeurope.com\/@fr\/114983806231940644","error":""},"_links":{"self":[{"href":"https:\/\/www.europesays.com\/fr\/wp-json\/wp\/v2\/posts\/301219","targetHints":{"allow":["GET"]}}],"collection":[{"href":"https:\/\/www.europesays.com\/fr\/wp-json\/wp\/v2\/posts"}],"about":[{"href":"https:\/\/www.europesays.com\/fr\/wp-json\/wp\/v2\/types\/post"}],"author":[{"embeddable":true,"href":"https:\/\/www.europesays.com\/fr\/wp-json\/wp\/v2\/users\/2"}],"replies":[{"embeddable":true,"href":"https:\/\/www.europesays.com\/fr\/wp-json\/wp\/v2\/comments?post=301219"}],"version-history":[{"count":0,"href":"https:\/\/www.europesays.com\/fr\/wp-json\/wp\/v2\/posts\/301219\/revisions"}],"wp:featuredmedia":[{"embeddable":true,"href":"https:\/\/www.europesays.com\/fr\/wp-json\/wp\/v2\/media\/301220"}],"wp:attachment":[{"href":"https:\/\/www.europesays.com\/fr\/wp-json\/wp\/v2\/media?parent=301219"}],"wp:term":[{"taxonomy":"category","embeddable":true,"href":"https:\/\/www.europesays.com\/fr\/wp-json\/wp\/v2\/categories?post=301219"},{"taxonomy":"post_tag","embeddable":true,"href":"https:\/\/www.europesays.com\/fr\/wp-json\/wp\/v2\/tags?post=301219"}],"curies":[{"name":"wp","href":"https:\/\/api.w.org\/{rel}","templated":true}]}}