{"id":301223,"date":"2025-08-06T20:54:24","date_gmt":"2025-08-06T20:54:24","guid":{"rendered":"https:\/\/www.europesays.com\/fr\/301223\/"},"modified":"2025-08-06T20:54:24","modified_gmt":"2025-08-06T20:54:24","slug":"a-brest-des-crs-en-renfort-pendant-deux-jours-pour-lutter-contre-les-trafics-de-drogue","status":"publish","type":"post","link":"https:\/\/www.europesays.com\/fr\/301223\/","title":{"rendered":"\u00c0 Brest, des CRS en renfort pendant deux jours pour lutter contre les trafics de drogue"},"content":{"rendered":"<p>Au moins sept fourgons de CRS, une bonne trentaine de fonctionnaires mobilis\u00e9s, sans compter les effectifs de police locaux de la brigade cynophile, de la brigade anticriminalit\u00e9 ou du groupe de s\u00e9curit\u00e9 du quotidien : cette pr\u00e9sence massive des forces de l\u2019ordre n\u2019est pas pass\u00e9e inaper\u00e7ue, ce mercredi 6\u00a0ao\u00fbt 2025 apr\u00e8s-midi, dans le quartier de Kerangoff, sur la rive droite de Brest.<\/p>\n<p>\u00ab Des fouilles approfondies \u00bb<\/p>\n<p>Cette op\u00e9ration, qui s\u2019est d\u00e9roul\u00e9e sans heurts, n\u2019\u00e9tait pas li\u00e9e \u00e0 une situation de crise. Il s\u2019agissait d\u2019une OCC. Autrement dit, une \u00ab op\u00e9ration cibl\u00e9e et coordonn\u00e9e \u00bb, programm\u00e9e \u00e0 l\u2019avance, afin de montrer que la lutte contre le trafic de drogue ne prend pas de vacances. Kerangoff est un quartier populaire de la rive droite en effet connu pour h\u00e9berger r\u00e9guli\u00e8rement des points de deal.<\/p>\n<p><img decoding=\"async\" src=\"https:\/\/www.europesays.com\/fr\/wp-content\/uploads\/2025\/08\/68938c2ea529cbfb3c0dd922.1.jpeg\" width=\"480\" height=\"300\" class=\"web_golden_m\" loading=\"lazy\" alt=\"Les diff\u00e9rents effectifs de police ont occup\u00e9 le terrain \u00e0 Kerangoff, ce mercredi apr\u00e8s-midi.\"\/>Les diff\u00e9rents effectifs de police ont occup\u00e9 le terrain \u00e0 Kerangoff, ce mercredi apr\u00e8s-midi. (Photo Le T\u00e9l\u00e9gramme\/Jean-Luc Padellec)<\/p>\n<p>\u00ab Avec le renfort des CRS, cela nous permet des fouilles approfondies, un travail en profondeur bien au-del\u00e0 de celui que nous menons au quotidien \u00bb, explique un officier du commissariat. Selon nos informations, aucune saisie spectaculaire n\u2019a eu lieu ce mercredi. Les CRS, qui sont \u00e0 Brest pour deux jours, pour \u00e9pauler leurs coll\u00e8gues, devraient, en toute logique, se projeter dans un autre quartier, jeudi.<\/p>\n","protected":false},"excerpt":{"rendered":"Au moins sept fourgons de CRS, une bonne trentaine de fonctionnaires mobilis\u00e9s, sans compter les effectifs de police&hellip;\n","protected":false},"author":2,"featured_media":301224,"comment_status":"","ping_status":"","sticky":false,"template":"","format":"standard","meta":{"footnotes":""},"categories":[2818],"tags":[1111,11,3450,1777,674,3321,1011,27,4555,766,12,2636,25],"class_list":{"0":"post-301223","1":"post","2":"type-post","3":"status-publish","4":"format-standard","5":"has-post-thumbnail","7":"category-nantes","8":"tag-actu","9":"tag-actualites","10":"tag-brest","11":"tag-eu","12":"tag-europe","13":"tag-finistere","14":"tag-fr","15":"tag-france","16":"tag-local","17":"tag-nantes","18":"tag-news","19":"tag-pays-de-la-loire","20":"tag-republique-francaise"},"share_on_mastodon":{"url":"https:\/\/pubeurope.com\/@fr\/114983813971209128","error":""},"_links":{"self":[{"href":"https:\/\/www.europesays.com\/fr\/wp-json\/wp\/v2\/posts\/301223","targetHints":{"allow":["GET"]}}],"collection":[{"href":"https:\/\/www.europesays.com\/fr\/wp-json\/wp\/v2\/posts"}],"about":[{"href":"https:\/\/www.europesays.com\/fr\/wp-json\/wp\/v2\/types\/post"}],"author":[{"embeddable":true,"href":"https:\/\/www.europesays.com\/fr\/wp-json\/wp\/v2\/users\/2"}],"replies":[{"embeddable":true,"href":"https:\/\/www.europesays.com\/fr\/wp-json\/wp\/v2\/comments?post=301223"}],"version-history":[{"count":0,"href":"https:\/\/www.europesays.com\/fr\/wp-json\/wp\/v2\/posts\/301223\/revisions"}],"wp:featuredmedia":[{"embeddable":true,"href":"https:\/\/www.europesays.com\/fr\/wp-json\/wp\/v2\/media\/301224"}],"wp:attachment":[{"href":"https:\/\/www.europesays.com\/fr\/wp-json\/wp\/v2\/media?parent=301223"}],"wp:term":[{"taxonomy":"category","embeddable":true,"href":"https:\/\/www.europesays.com\/fr\/wp-json\/wp\/v2\/categories?post=301223"},{"taxonomy":"post_tag","embeddable":true,"href":"https:\/\/www.europesays.com\/fr\/wp-json\/wp\/v2\/tags?post=301223"}],"curies":[{"name":"wp","href":"https:\/\/api.w.org\/{rel}","templated":true}]}}