{"id":301227,"date":"2025-08-06T20:58:10","date_gmt":"2025-08-06T20:58:10","guid":{"rendered":"https:\/\/www.europesays.com\/fr\/301227\/"},"modified":"2025-08-06T20:58:10","modified_gmt":"2025-08-06T20:58:10","slug":"ledition-2026-de-bordeaux-fete-le-vin-est-annulee-une-pause-avant-un-retour-grandiose","status":"publish","type":"post","link":"https:\/\/www.europesays.com\/fr\/301227\/","title":{"rendered":"L&rsquo;\u00e9dition 2026 de Bordeaux f\u00eate le vin est annul\u00e9e, une pause avant un retour grandiose"},"content":{"rendered":"<p>            Par<br \/>\n        <strong><br \/>\n            <a href=\"https:\/\/actu.fr\/auteur\/charlotte-lesprit\" title=\"Consulter tous les articles de Charlotte Lesprit\" target=\"_blank\" rel=\"noopener\">Charlotte Lesprit<\/a><br \/>\n        <\/strong><\/p>\n<p>        Publi\u00e9 le<\/p>\n<p>            6 ao\u00fbt 2025 \u00e0 19h18        <\/p>\n<p>\u00ab\u2009Compte tenu des contraintes budg\u00e9taires <a href=\"https:\/\/actu.fr\/nouvelle-aquitaine\/bordeaux_33063\/droits-de-douane-aux-etats-unis-les-negociants-bordelais-sont-fixes-apres-des-mois-d-incertitude-et-de-crise_62965309.html\" target=\"_blank\" rel=\"noopener\">affectant la fili\u00e8re vin<\/a>\u2009\u00bb, le Conseil interprofessionnel des vins de Bordeaux (CIVB) \u00ab\u2009a d\u00e9cid\u00e9 de ne pas consacrer son budget\u2009\u00bb \u00e0 l\u2019\u00e9dition 2026 de <a href=\"https:\/\/actu.fr\/nouvelle-aquitaine\/bordeaux_33063\/bordeaux-fete-le-vin-bientot-aux-quinconces-une-option-pertinente-selon-cet-adjoint-au-maire-de-bordeaux_61263856.html\" target=\"_blank\" rel=\"noopener\">Bordeaux f\u00eate le vin<\/a> peut-on lire dans un communiqu\u00e9 publi\u00e9 mardi 5\u00a0ao\u00fbt et sign\u00e9 par Bernard Farges, le pr\u00e9sident du CIVB. Les organisateurs mentionnent vouloir se consacrer sur l\u2019ann\u00e9e d\u2019apr\u00e8s et donnent \u00ab\u2009rendez-vous sur les quais de la Garonne <strong>en juillet\u00a02027<\/strong>\u2009\u00bb.<\/p>\n<p class=\" wall-content\">Une d\u00e9cision que l\u2019Office de tourisme, la mairie de Bordeaux ou encore <a href=\"https:\/\/actu.fr\/tag\/bordeaux-metropole\" target=\"_blank\" rel=\"noopener\">Bordeaux M\u00e9tropole<\/a> ont int\u00e9gr\u00e9 dans leur communication, tout en affirmant leur soutien <strong>\u00ab\u2009\u00e0 la fili\u00e8re dans cette p\u00e9riode difficile\u2009\u00bb<\/strong>. Une instabilit\u00e9\u00a0\u00e9troitement li\u00e9es aux ventes de vins AOC et aux finances de plus en plus contraintes des acteurs bordelais.<\/p>\n<p>Un \u00e9v\u00e9nement majeur en 2027<\/p>\n<p class=\" wall-content\">\u00ab\u2009Bordeaux f\u00eate le fin sera une \u00e9dition importante en 2027\u2009\u00bb, explique Brigitte Bloch, pr\u00e9sidente de l\u2019Office du tourisme et des Congr\u00e8s de Bordeaux M\u00e9tropole, en rappelant que\u00a0l\u2019\u00e9v\u00e9nement co\u00efncidera avec le d\u00e9part de la<a href=\"https:\/\/www.bordeaux-tourism.co.uk\/events\/tall-ships-race-2027.html#:~:text=From%20July%207%20to%2011,ships%20from%20around%20the%20globe.\" target=\"_blank\" rel=\"noopener\"> Tall Ships Race<\/a>, une course regroupant une quarantaine de vieux voiliers venus du monde entier.<\/p>\n<p class=\" wall-content\">Ainsi,<strong> du 7 au 11\u00a0juillet 2027<\/strong>, ces impressionnants navires stationneront dans le port de la Lune avant de prendre la mer en direction de La Corogne (Espagne) et Sines (Portugal).<\/p>\n<p class=\" wall-content\">En revanche, concernant l\u2019\u00e9dition 2026 de Bordeaux f\u00eate le vin, <strong>des projets alternatifs<\/strong> sont \u00e0 l\u2019\u00e9tude afin de proposer un rendez-vous de substitution. Brigitte Bloch rappelle que l\u2019\u00e9v\u00e9nement b\u00e9n\u00e9ficie d\u2019un<strong> budget global d\u2019un peu plus de 2\u00a0millions d\u2019euros<\/strong>, r\u00e9unissant 1\u2009200 viticulteurs, financ\u00e9 approximativement \u00e0 hauteur de 630\u2009000\u00a0euros par les collectivit\u00e9s locales,<strong> 350\u2009000\u00a0euros par le CIVB<\/strong>, 250\u2009000\u00a0euros par les partenaires priv\u00e9s, le reste provenant de la vente des pass.<\/p>\n<p class=\" wall-content\">Suivez toute l\u2019actualit\u00e9 de vos villes et m\u00e9dias favoris en vous inscrivant \u00e0 <a href=\"https:\/\/moncompte.actu.fr\" title=\"D\u00e9couvez Mon Actu\" rel=\"nofollow noopener\" data-trk=\"{&quot;cta&quot;:{&quot;action&quot;:&quot;https:\\\/\\\/moncompte.actu.fr&quot;,&quot;category&quot;:&quot;mon compte&quot;,&quot;from&quot;:&quot;article footer&quot;,&quot;name&quot;:&quot;Mon actu&quot;,&quot;type&quot;:&quot;cta&quot;}}\" target=\"_blank\">Mon Actu<\/a>.<\/p>\n","protected":false},"excerpt":{"rendered":"Par Charlotte Lesprit Publi\u00e9 le 6 ao\u00fbt 2025 \u00e0 19h18 \u00ab\u2009Compte tenu des contraintes budg\u00e9taires affectant la fili\u00e8re&hellip;\n","protected":false},"author":2,"featured_media":301228,"comment_status":"","ping_status":"","sticky":false,"template":"","format":"standard","meta":{"footnotes":""},"categories":[2817],"tags":[1111,11,1997,2904,44126,1777,674,3696,1011,27,12,2219,25,1662],"class_list":{"0":"post-301227","1":"post","2":"type-post","3":"status-publish","4":"format-standard","5":"has-post-thumbnail","7":"category-bordeaux","8":"tag-actu","9":"tag-actualites","10":"tag-bordeaux","11":"tag-bordeaux-metropole","12":"tag-crise-viticole-en-gironde","13":"tag-eu","14":"tag-europe","15":"tag-evenements","16":"tag-fr","17":"tag-france","18":"tag-news","19":"tag-nouvelle-aquitaine","20":"tag-republique-francaise","21":"tag-vin"},"share_on_mastodon":{"url":"https:\/\/pubeurope.com\/@fr\/114983829756607665","error":""},"_links":{"self":[{"href":"https:\/\/www.europesays.com\/fr\/wp-json\/wp\/v2\/posts\/301227","targetHints":{"allow":["GET"]}}],"collection":[{"href":"https:\/\/www.europesays.com\/fr\/wp-json\/wp\/v2\/posts"}],"about":[{"href":"https:\/\/www.europesays.com\/fr\/wp-json\/wp\/v2\/types\/post"}],"author":[{"embeddable":true,"href":"https:\/\/www.europesays.com\/fr\/wp-json\/wp\/v2\/users\/2"}],"replies":[{"embeddable":true,"href":"https:\/\/www.europesays.com\/fr\/wp-json\/wp\/v2\/comments?post=301227"}],"version-history":[{"count":0,"href":"https:\/\/www.europesays.com\/fr\/wp-json\/wp\/v2\/posts\/301227\/revisions"}],"wp:featuredmedia":[{"embeddable":true,"href":"https:\/\/www.europesays.com\/fr\/wp-json\/wp\/v2\/media\/301228"}],"wp:attachment":[{"href":"https:\/\/www.europesays.com\/fr\/wp-json\/wp\/v2\/media?parent=301227"}],"wp:term":[{"taxonomy":"category","embeddable":true,"href":"https:\/\/www.europesays.com\/fr\/wp-json\/wp\/v2\/categories?post=301227"},{"taxonomy":"post_tag","embeddable":true,"href":"https:\/\/www.europesays.com\/fr\/wp-json\/wp\/v2\/tags?post=301227"}],"curies":[{"name":"wp","href":"https:\/\/api.w.org\/{rel}","templated":true}]}}