{"id":301244,"date":"2025-08-06T21:09:10","date_gmt":"2025-08-06T21:09:10","guid":{"rendered":"https:\/\/www.europesays.com\/fr\/301244\/"},"modified":"2025-08-06T21:09:10","modified_gmt":"2025-08-06T21:09:10","slug":"le-brasier-vu-du-ciel","status":"publish","type":"post","link":"https:\/\/www.europesays.com\/fr\/301244\/","title":{"rendered":"le brasier vu du ciel"},"content":{"rendered":"<p>            lire plus tard<\/p>\n<p id=\"dialog__title\" class=\"dialog__title\">Pour sauvegarder cet article, connectez-vous ou cr\u00e9ez un compte franceinfo<\/p>\n<p class=\"dialog__description\">Sans paiement. Sans abonnement.<\/p>\n<p>        Fermer la fen\u00eatre d\u2019activation des notifications France Info<\/p>\n<p>            cr\u00e9er votre compte<\/p>\n<p>            se connecter<\/p>\n<p>        Fermer la fen\u00eatre de pr\u00e9sentation<\/p>\n<p>    Publi\u00e9 le 06\/08\/2025 21:25<\/p>\n<p>        Temps de lecture : 2min &#8211; vid\u00e9o : 2min<\/p>\n<p>    <img decoding=\"async\" class=\"francetv-player-wrapper__image\" alt=\"Incendie meurtrier dans l'Aude le brasier vu du ciel\"  width=\"432\" height=\"243\" src=\"https:\/\/www.europesays.com\/fr\/wp-content\/uploads\/2025\/08\/video-72-6893aaba45a34302652909.jpg\" fetchpriority=\"high\"\/><\/p>\n<p>              Incendie meurtrier dans l&rsquo;Aude le brasier vu du ciel<br \/>\n                    (France 2)<\/p>\n<p>      2min<\/p>\n<p class=\"c-chapo \">\n  L\u2019incendie qui s\u2019est d\u00e9clar\u00e9 mardi 5 ao\u00fbt continue de faire rage dans l\u2019Aude. Le feu s&rsquo;\u00e9tend sur des dizaines de kilom\u00e8tres. Un paysage d&rsquo;apocalypse particuli\u00e8rement saisissant vu du ciel.\n<\/p>\n<p><strong>Ce texte correspond \u00e0 une partie de la retranscription du reportage ci-dessus. Cliquez sur la vid\u00e9o pour la regarder dans son int\u00e9gralit\u00e9.<\/strong><\/p>\n<p>Vu du ciel, c&rsquo;est <a href=\"https:\/\/www.franceinfo.fr\/environnement\/evenements-meteorologiques-extremes\/incendies-et-feux-de-foret\/incendie-meurtrier-dans-l-aude\/recit-le-feu-a-fonce-sur-le-village-a-une-vitesse-impressionnante-comment-un-incendie-a-embrase-l-aude-en-quelques-heures_7420963.html\" rel=\"nofollow noopener\" target=\"_blank\">un monstre incandescent<\/a> qui d\u00e9vore tout sur son passage. \u00ab\u00a0Ce qui est assez impressionnant, c&rsquo;est qu&rsquo;en plus de r\u00e9aliser la violence des reprises, on voit \u00e0 quel point elles sont diss\u00e9min\u00e9es \u00e0 travers le massif\u00a0\u00bb, partage Odile Longueval, envoy\u00e9e sp\u00e9ciale de France T\u00e9l\u00e9vions dans l\u2019Aude.<\/p>\n<p>Pour comprendre l&rsquo;ampleur de ce feu historique, France T\u00e9l\u00e9visions a survol\u00e9 la zone incendi\u00e9e, encore en proie aux flammes mercredi 6 ao\u00fbt. Prendre de la hauteur permet aussi de voir les feux qui se situent en haut du massif, particuli\u00e8rement difficiles d&rsquo;acc\u00e8s. C&rsquo;est sur ces feux que les Canadairs vont devoir faire le gros du travail pour ralentir leur progression.<\/p>\n<p>Au loin, le village le plus sinistr\u00e9, Saint-Laurent-de-la-Cabrerisse (Aude), est encore sous un \u00e9pais panache de fum\u00e9e. Les images sont dantesques et les paysages lunaires, \u00e0 perte de vue. Une for\u00eat d&rsquo;arbres est calcin\u00e9e. Tout a commenc\u00e9 \u00e0 Ribaute (Aude). \u00ab\u00a0Prendre de la hauteur permet de comprendre la vitesse \u00e0 laquelle le feu s&rsquo;est propag\u00e9 sur des milliers d&rsquo;hectares\u00a0\u00bb, explique Odile Longueval.<\/p>\n<p>Sur les routes, personne d&rsquo;autre que les pompiers. Des camions sont partout dans le massif pour guetter la moindre reprise sous le balai incessant des moyens a\u00e9riens. Les contr\u00f4leurs a\u00e9riens sont charg\u00e9s d&rsquo;assurer une bulle de s\u00e9curit\u00e9 tout autour de l&rsquo;incendie afin que les Canadairs, les Dash et les h\u00e9licopt\u00e8res bombardiers d&rsquo;eau puissent intervenir. Mercredi 6 ao\u00fbt dans la soir\u00e9e, le feu reste tr\u00e8s actif alors que certains experts disent d\u00e9j\u00e0 de lui qu&rsquo;il pourrait \u00eatre le plus grand incendie enregistr\u00e9 en France depuis 50 ans.<\/p>\n<p class=\"related-tags__title\" role=\"heading\" aria-level=\"2\">les mots-cl\u00e9s associ\u00e9s \u00e0 cet article\n    <\/p>\n","protected":false},"excerpt":{"rendered":"lire plus tard Pour sauvegarder cet article, connectez-vous ou cr\u00e9ez un compte franceinfo Sans paiement. Sans abonnement. Fermer&hellip;\n","protected":false},"author":2,"featured_media":301245,"comment_status":"","ping_status":"","sticky":false,"template":"","format":"standard","meta":{"footnotes":""},"categories":[1888],"tags":[1111,1928,11,1927,1777,674,1011,27,12,1926,626,1925,25],"class_list":{"0":"post-301244","1":"post","2":"type-post","3":"status-publish","4":"format-standard","5":"has-post-thumbnail","7":"category-paris","8":"tag-actu","9":"tag-actu-paris","10":"tag-actualites","11":"tag-actualites-paris","12":"tag-eu","13":"tag-europe","14":"tag-fr","15":"tag-france","16":"tag-news","17":"tag-news-paris","18":"tag-paris","19":"tag-paris-news","20":"tag-republique-francaise"},"share_on_mastodon":{"url":"https:\/\/pubeurope.com\/@fr\/114983873013826978","error":""},"_links":{"self":[{"href":"https:\/\/www.europesays.com\/fr\/wp-json\/wp\/v2\/posts\/301244","targetHints":{"allow":["GET"]}}],"collection":[{"href":"https:\/\/www.europesays.com\/fr\/wp-json\/wp\/v2\/posts"}],"about":[{"href":"https:\/\/www.europesays.com\/fr\/wp-json\/wp\/v2\/types\/post"}],"author":[{"embeddable":true,"href":"https:\/\/www.europesays.com\/fr\/wp-json\/wp\/v2\/users\/2"}],"replies":[{"embeddable":true,"href":"https:\/\/www.europesays.com\/fr\/wp-json\/wp\/v2\/comments?post=301244"}],"version-history":[{"count":0,"href":"https:\/\/www.europesays.com\/fr\/wp-json\/wp\/v2\/posts\/301244\/revisions"}],"wp:featuredmedia":[{"embeddable":true,"href":"https:\/\/www.europesays.com\/fr\/wp-json\/wp\/v2\/media\/301245"}],"wp:attachment":[{"href":"https:\/\/www.europesays.com\/fr\/wp-json\/wp\/v2\/media?parent=301244"}],"wp:term":[{"taxonomy":"category","embeddable":true,"href":"https:\/\/www.europesays.com\/fr\/wp-json\/wp\/v2\/categories?post=301244"},{"taxonomy":"post_tag","embeddable":true,"href":"https:\/\/www.europesays.com\/fr\/wp-json\/wp\/v2\/tags?post=301244"}],"curies":[{"name":"wp","href":"https:\/\/api.w.org\/{rel}","templated":true}]}}