{"id":301246,"date":"2025-08-06T21:10:11","date_gmt":"2025-08-06T21:10:11","guid":{"rendered":"https:\/\/www.europesays.com\/fr\/301246\/"},"modified":"2025-08-06T21:10:11","modified_gmt":"2025-08-06T21:10:11","slug":"lex-ministre-frederique-bredin-candidate-du-ps-face-a-dati-et-barnier","status":"publish","type":"post","link":"https:\/\/www.europesays.com\/fr\/301246\/","title":{"rendered":"l&rsquo;ex-ministre Fr\u00e9d\u00e9rique Bredin candidate du PS face \u00e0 Dati et Barnier"},"content":{"rendered":"<p>Une ancienne ministre de Fran\u00e7ois Mitterrand, Fr\u00e9d\u00e9rique Bredin, 68 ans, sera la candidate du Parti socialiste dans la l\u00e9gislative partielle de la 2e circonscription de Paris, face \u00e0 Michel Barnier et Rachida Dati, a-t-on appris mercredi aupr\u00e8s du parti \u00e0 la rose.<\/p>\n<p>Le conseil f\u00e9d\u00e9ral parisien du PS a officiellement propos\u00e9 mercredi soir, \u00e0 l&rsquo;unanimit\u00e9, son nom au Bureau national du parti, qui devrait l&rsquo;ent\u00e9riner dans les prochaines semaines.<\/p>\n<p>\u00ab\u00a0Fr\u00e9d\u00e9rique Bredin est une femme solide et exp\u00e9riment\u00e9e, la meilleure des candidatures pour repr\u00e9senter la gauche dans la deuxi\u00e8me circonscription de Paris\u00a0\u00bb, face \u00ab\u00a0\u00e0 Rachida Dati et Michel Barnier qui nous proposent une bataille des egos\u00a0\u00bb, a expliqu\u00e9 \u00e0 l&rsquo;AFP Emma Rafowicz, en charge des \u00e9lections \u00e0 la f\u00e9d\u00e9ration.<\/p>\n<p>Ancienne ministre socialiste des Sports (1991-1993) dans le gouvernement d&rsquo;Edith Cresson puis de Pierre B\u00e9r\u00e9govoy, Fr\u00e9d\u00e9rique Bredin s&rsquo;\u00e9tait mise en retrait de la vie politique apr\u00e8s avoir rejoint le groupe Lagard\u00e8re Medias en 2000, mais a r\u00e9-adh\u00e9r\u00e9 depuis quelques ann\u00e9es au PS.<\/p>\n<p>Elle soutenait Emmanuel Gr\u00e9goire dans la primaire socialiste pour les municipales de 2026.<\/p>\n<p>Un temps jug\u00e9e Macron-compatible, elle faisait partie de ceux dont le nom \u00e9tait \u00e9voqu\u00e9 lors d&rsquo;un remaniement en 2018.<\/p>\n<p>Nomm\u00e9e pr\u00e9sidente du Centre national du Cin\u00e9ma (CNC) de 2013 \u00e0 2019, elle avait cependant refus\u00e9 de porter la r\u00e9forme du financement du cin\u00e9ma souhait\u00e9e par Emmanuel Macron. <\/p>\n<p>Parisienne et fille de l&rsquo;acad\u00e9micien, \u00e9crivain et avocat Jean-Denis Bredin, Fr\u00e9d\u00e9rique Bredin avait rejoint l&rsquo;Inspection g\u00e9n\u00e9rale des Finances \u00e0 la sortie de l&rsquo;ENA.<\/p>\n<p>Apr\u00e8s avoir int\u00e9gr\u00e9 \u00e0 28 ans le cabinet de Jack Lang, alors ministre de la Culture, elle \u00e9tait entr\u00e9e deux ans plus tard \u00e0 l&rsquo;Elys\u00e9e, o\u00f9 elle \u00e9tait charg\u00e9e des dossiers culturels.<\/p>\n<p>Cette proche de Laurent Fabius a \u00e9t\u00e9 d\u00e9put\u00e9e de Seine-Maritime (1988-1991, r\u00e9\u00e9lue en 1995 puis en 1997), maire de F\u00e9camp de 1989 \u00e0 1995, et bri\u00e8vement d\u00e9put\u00e9e europ\u00e9enne (1994-96).<\/p>\n<p>L&rsquo;ancienne candidate PS dans cette circonscription tr\u00e8s marqu\u00e9e \u00e0 droite, Marine Rosset, est pressentie pour \u00eatre sa suppl\u00e9ante. Mme Rosset vient de quitter son poste de pr\u00e9sidente des Scouts et guides de France, confront\u00e9e \u00e0 une vague de harc\u00e8lement qu&rsquo;elle lie \u00e0 son homosexualit\u00e9.<\/p>\n<p>Mme Bredin devrait \u00eatre oppos\u00e9e \u00e0 l&rsquo;ancien Premier ministre Michel Barnier, qui a obtenu l&rsquo;investiture LR,\u00a0et \u00e0 la ministre de la Culture Rachida Dati, qui a affirm\u00e9 qu&rsquo;elle serait candidate \u00ab\u00a0quoi qu&rsquo;il arrive\u00a0\u00bb. Le RN Thierry Mariani est \u00e9galement candidat.<\/p>\n<p>caz\/jmt\/jp<\/p>\n","protected":false},"excerpt":{"rendered":"Une ancienne ministre de Fran\u00e7ois Mitterrand, Fr\u00e9d\u00e9rique Bredin, 68 ans, sera la candidate du Parti socialiste dans la&hellip;\n","protected":false},"author":2,"featured_media":301247,"comment_status":"","ping_status":"","sticky":false,"template":"","format":"standard","meta":{"footnotes":""},"categories":[1888],"tags":[1111,1928,11,1927,44131,1073,1777,674,1011,27,44130,44132,27636,12,1926,626,1925,429,417,25,44133],"class_list":{"0":"post-301246","1":"post","2":"type-post","3":"status-publish","4":"format-standard","5":"has-post-thumbnail","7":"category-paris","8":"tag-actu","9":"tag-actu-paris","10":"tag-actualites","11":"tag-actualites-paris","12":"tag-centre-national-du-cinema","13":"tag-emmanuel-macron","14":"tag-eu","15":"tag-europe","16":"tag-fr","17":"tag-france","18":"tag-frederique-bredin","19":"tag-jean-denis-bredin","20":"tag-michel-barnier","21":"tag-news","22":"tag-news-paris","23":"tag-paris","24":"tag-paris-news","25":"tag-ps","26":"tag-rachida-dati","27":"tag-republique-francaise","28":"tag-scouts-et-guides-de-france"},"share_on_mastodon":{"url":"https:\/\/pubeurope.com\/@fr\/114983877072576446","error":""},"_links":{"self":[{"href":"https:\/\/www.europesays.com\/fr\/wp-json\/wp\/v2\/posts\/301246","targetHints":{"allow":["GET"]}}],"collection":[{"href":"https:\/\/www.europesays.com\/fr\/wp-json\/wp\/v2\/posts"}],"about":[{"href":"https:\/\/www.europesays.com\/fr\/wp-json\/wp\/v2\/types\/post"}],"author":[{"embeddable":true,"href":"https:\/\/www.europesays.com\/fr\/wp-json\/wp\/v2\/users\/2"}],"replies":[{"embeddable":true,"href":"https:\/\/www.europesays.com\/fr\/wp-json\/wp\/v2\/comments?post=301246"}],"version-history":[{"count":0,"href":"https:\/\/www.europesays.com\/fr\/wp-json\/wp\/v2\/posts\/301246\/revisions"}],"wp:featuredmedia":[{"embeddable":true,"href":"https:\/\/www.europesays.com\/fr\/wp-json\/wp\/v2\/media\/301247"}],"wp:attachment":[{"href":"https:\/\/www.europesays.com\/fr\/wp-json\/wp\/v2\/media?parent=301246"}],"wp:term":[{"taxonomy":"category","embeddable":true,"href":"https:\/\/www.europesays.com\/fr\/wp-json\/wp\/v2\/categories?post=301246"},{"taxonomy":"post_tag","embeddable":true,"href":"https:\/\/www.europesays.com\/fr\/wp-json\/wp\/v2\/tags?post=301246"}],"curies":[{"name":"wp","href":"https:\/\/api.w.org\/{rel}","templated":true}]}}