{"id":30125,"date":"2025-04-16T22:29:12","date_gmt":"2025-04-16T22:29:12","guid":{"rendered":"https:\/\/www.europesays.com\/fr\/30125\/"},"modified":"2025-04-16T22:29:12","modified_gmt":"2025-04-16T22:29:12","slug":"le-tiers-lieu-kaleidoscoop-medaille-dor-des-employeurs-pro-velo","status":"publish","type":"post","link":"https:\/\/www.europesays.com\/fr\/30125\/","title":{"rendered":"le tiers-lieu Kaleidoscoop m\u00e9daill\u00e9 d\u2019or des employeurs pro-v\u00e9lo"},"content":{"rendered":"<p>Le<a href=\"https:\/\/www.dna.fr\/economie\/2023\/01\/10\/au-port-du-rhin-kaleidoscoop-devient-la-vitrine-de-l-economie-solidaire\" target=\"_blank\" rel=\"nofollow noopener\"> Kaleidoscoop<\/a> vient de se voir d\u00e9cerner la m\u00e9daille d\u2019or des employeurs pro-v\u00e9lo. Port\u00e9 par la<a href=\"https:\/\/www.dna.fr\/transport\/2022\/02\/10\/strasbourg-perd-son-statut-de-capitale-du-velo\" target=\"_blank\" rel=\"nofollow noopener\"> F\u00e9d\u00e9ration fran\u00e7aise des usagers de la bicyclette<\/a> (FUB)\u00a0et\u00a0soutenu par <a href=\"https:\/\/www.dna.fr\/environnement\/2024\/12\/26\/l-ademe-alerte-sur-la-presence-quasi-systematique-des-microplastiques-dans-les-sols-francais\" target=\"_blank\" rel=\"nofollow noopener\">l\u2019Ademe<\/a>, le label Employeur Pro-V\u00e9lo distingue les structures qui mettent en place des actions concr\u00e8tes et ambitieuses pour encourager la pratique du v\u00e9lo aupr\u00e8s de leurs salari\u00e9s, clients et visiteurs.??<\/p>\n<p>Tiers-lieu engag\u00e9, \u00ab\u200aKaleidoscoop \u0153uvre activement \u00e0 r\u00e9duire l\u2019impact environnemental des activit\u00e9s \u00e9conomiques accueillies dans son espace de coworking, en proposant des espaces et des services partag\u00e9s, des \u00e9quipements adapt\u00e9s, et en soutenant l\u2019usage quotidien du v\u00e9lo\u200a\u00bb, avance la structure dans son communiqu\u00e9.<\/p>\n<p>R\u00e9sultat\u200a: pr\u00e8s de 65\u00a0% de ses membres sont aujourd\u2019hui des v\u00e9lo-taffeurs et taffeuses.<br \/>Et Kaleidoscoop de conclure\u200a: \u00ab\u200aNous sommes fiers de contribuer \u00e0 faire du v\u00e9lo un mode de d\u00e9placement privil\u00e9gi\u00e9 dans le quartier et comptons faire essaimer cette dynamique aupr\u00e8s d\u2019autres entreprises alentour. Prochaine \u00e9tape\u200a? Le challenge \u201cAu Boulot \u00e0 V\u00e9lo\u201d en juin\u2026 toute l\u2019\u00e9quipe est d\u00e9j\u00e0 en selle\u200a!\u200a\u00bb<\/p>\n","protected":false},"excerpt":{"rendered":"Le Kaleidoscoop vient de se voir d\u00e9cerner la m\u00e9daille d\u2019or des employeurs pro-v\u00e9lo. Port\u00e9 par la F\u00e9d\u00e9ration fran\u00e7aise&hellip;\n","protected":false},"author":2,"featured_media":30126,"comment_status":"","ping_status":"","sticky":false,"template":"","format":"standard","meta":{"footnotes":""},"categories":[2820],"tags":[1111,11,2880,1777,674,1011,27,775,4847,12,25,640,2803,800],"class_list":{"0":"post-30125","1":"post","2":"type-post","3":"status-publish","4":"format-standard","5":"has-post-thumbnail","7":"category-strasbourg","8":"tag-actu","9":"tag-actualites","10":"tag-edition-strasbourg","11":"tag-eu","12":"tag-europe","13":"tag-fr","14":"tag-france","15":"tag-grand-est","16":"tag-mobilite-douce","17":"tag-news","18":"tag-republique-francaise","19":"tag-strasbourg","20":"tag-transport","21":"tag-transports"},"share_on_mastodon":{"url":"https:\/\/pubeurope.com\/@fr\/114350008770494863","error":""},"_links":{"self":[{"href":"https:\/\/www.europesays.com\/fr\/wp-json\/wp\/v2\/posts\/30125","targetHints":{"allow":["GET"]}}],"collection":[{"href":"https:\/\/www.europesays.com\/fr\/wp-json\/wp\/v2\/posts"}],"about":[{"href":"https:\/\/www.europesays.com\/fr\/wp-json\/wp\/v2\/types\/post"}],"author":[{"embeddable":true,"href":"https:\/\/www.europesays.com\/fr\/wp-json\/wp\/v2\/users\/2"}],"replies":[{"embeddable":true,"href":"https:\/\/www.europesays.com\/fr\/wp-json\/wp\/v2\/comments?post=30125"}],"version-history":[{"count":0,"href":"https:\/\/www.europesays.com\/fr\/wp-json\/wp\/v2\/posts\/30125\/revisions"}],"wp:featuredmedia":[{"embeddable":true,"href":"https:\/\/www.europesays.com\/fr\/wp-json\/wp\/v2\/media\/30126"}],"wp:attachment":[{"href":"https:\/\/www.europesays.com\/fr\/wp-json\/wp\/v2\/media?parent=30125"}],"wp:term":[{"taxonomy":"category","embeddable":true,"href":"https:\/\/www.europesays.com\/fr\/wp-json\/wp\/v2\/categories?post=30125"},{"taxonomy":"post_tag","embeddable":true,"href":"https:\/\/www.europesays.com\/fr\/wp-json\/wp\/v2\/tags?post=30125"}],"curies":[{"name":"wp","href":"https:\/\/api.w.org\/{rel}","templated":true}]}}