{"id":301250,"date":"2025-08-06T21:12:11","date_gmt":"2025-08-06T21:12:11","guid":{"rendered":"https:\/\/www.europesays.com\/fr\/301250\/"},"modified":"2025-08-06T21:12:11","modified_gmt":"2025-08-06T21:12:11","slug":"jattendais-un-peu-plus-lequipe-bis-du-paris-fc-a-decu-stephane-gilli-contre-lunfp-en-amical","status":"publish","type":"post","link":"https:\/\/www.europesays.com\/fr\/301250\/","title":{"rendered":"\u00ab\u00a0J\u2019attendais un peu plus \u00bb : l\u2019\u00e9quipe bis du Paris FC a d\u00e9\u00e7u St\u00e9phane Gilli contre l\u2019UNFP en amical"},"content":{"rendered":"<p class=\"paragraph text_align_left lp-f-body-02\">\u00c0 onze jours de la reprise de la Ligue 1 \u00e0 Angers, le Paris FC a jou\u00e9 pour la premi\u00e8re fois en pr\u00e9paration devant du public en r\u00e9gion parisienne. Forc\u00e9ment, son match contre l\u2019UNFP (joueurs pros au ch\u00f4mage), disput\u00e9 dans les installations bucoliques du stade Marcel-Bec de Meudon, a attir\u00e9 de nombreux curieux. Les supporters bien s\u00fbr, mais aussi beaucoup d\u2019agents.<\/p>\n<p class=\"paragraph text_align_left lp-f-body-02\">Autour de la main courante, Marco Neppe \u00e9tait aussi pr\u00e9sent apr\u00e8s avoir pass\u00e9 la journ\u00e9e avec Francois Ferracci (directeur sportif) et Quentin Rauzier (directeur sportif adjoint). Depuis quelques jours, cet ancien directeur technique du Bayern Munich est missionn\u00e9 par Red Bull pour venir les \u00e9pauler sur le recrutement qui devrait s\u2019acc\u00e9l\u00e9rer d\u2019ici la fin de semaine. <\/p>\n<p class=\"paragraph text_align_left lp-f-body-02\">La signature <a href=\"https:\/\/authentication.leparisien.fr\/connexion\/?redirect_url=https:\/\/www.leparisien.fr\/sports\/football\/paris-fc\/mercato-le-paris-fc-proche-dun-gros-coup-avec-le-milieu-de-leipzig-amadou-haidara-05-08-2025-PPS7JQEXPJGP7LTQPJFTKTMQRQ.php\" target=\"_self\" rel=\"nofollow noopener\">d\u2019Amadou Ha\u00efdara, le milieu du RB Leipzig <\/a>est attendue tr\u00e8s rapidement. En revanche, la piste d\u2019Hamari Traor\u00e9, qui \u00e9tait pourtant tr\u00e8s proche de s\u2019engager il y a encore quelques jours, s\u2019est bien refroidie. D\u2019autres profils sont d\u00e9sormais \u00e9tudi\u00e9s sur le poste de lat\u00e9ral droit.<\/p>\n<p class=\"paragraph text_align_left lp-f-body-02\">Mais alors que le premier match de Ligue 1 va vite arriver, il y a donc de fortes chances pour que l\u2019\u00e9quipe qui sera align\u00e9e \u00e0 Angers ressemble fortement \u00e0 celle qui est mont\u00e9e au mois de mai.<\/p>\n<p class=\"paragraph text_align_left lp-f-body-02\">Cette avant-derni\u00e8re rencontre de pr\u00e9paration contre l\u2019UNFP avant d\u2019aller \u00e0 Nantes samedi, servait surtout \u00e0 r\u00e9\u00e9quilibrer les temps de jeu au sein de l\u2019effectif parisien.<\/p>\n<p class=\"paragraph text_align_left lp-f-body-02\">Le staff avait laiss\u00e9 au repos 10 joueurs : Nkambadio, Mbow, Kolo, Chergui, Sangui, Camara, Doucet, Kebbal, Simon et Hamel. Si Vincent Marchetti (adducteurs) est toujours arr\u00eat\u00e9, Maxime Lopez (qui a disput\u00e9 son 1er match de pr\u00e9paration), Lamine Gueye et Mathieu Cafaro (bless\u00e9 lors du match de la mont\u00e9e le 2 mai \u00e0 Martigues) ont jou\u00e9 45 minutes. <\/p>\n<p class=\"paragraph text_align_left lp-f-body-02\">Cafaro s\u2019est distingu\u00e9 en inscrivant le 2e but du PFC d\u2019une belle reprise de vol\u00e9e dans ce match au score anecdotique (2-2, 1er but de Yoan Kor\u00e9).<\/p>\n<blockquote class=\"twitter-tweet\">\n<p lang=\"fr\" dir=\"ltr\">\u2694\ufe0f Accroch\u00e9s, mais jamais r\u00e9sign\u00e9s.<\/p>\n<p>L\u2019UNFP FC a livr\u00e9 une prestation solide ce soir face au Paris FC, accrochant le nul (2-2) au terme d\u2019un match engag\u00e9.<\/p>\n<p>\ud83d\udd25 Jeffrey Quarshie s\u2019est illustr\u00e9 avec un doubl\u00e9 d\u00e9cisif (42\u2019, 87\u2019) pour permettre au groupe de revenir deux fois au score\u2026 <a href=\"https:\/\/t.co\/JomobuupRv\" rel=\"nofollow\">pic.twitter.com\/JomobuupRv<\/a><\/p>\n<p>\u2014 UNFP (@UNFP) <a href=\"https:\/\/twitter.com\/UNFP\/status\/1953188319711691127?ref_src=twsrc%5Etfw\" rel=\"nofollow noopener\" target=\"_blank\">August 6, 2025<\/a><\/p><\/blockquote>\n<p>Du bon et du moins bon pour Otavio<\/p>\n<p class=\"paragraph text_align_left lp-f-body-02\">Le Br\u00e9silien Otavio a, lui, disput\u00e9 70 minutes. Pour faciliter son int\u00e9gration, le club a fait appel \u00e0 une interpr\u00e8te qui lui traduit en portugais les consignes du staff. L\u2019ancien d\u00e9fenseur central de Porto a montr\u00e9 des choses int\u00e9ressantes, malgr\u00e9 quelques exc\u00e8s de facilit\u00e9 parfois.<\/p>\n<p class=\"paragraph text_align_left lp-f-body-02\">Si le jeune Khamil El Kit a encore r\u00e9alis\u00e9 une bonne prestation au milieu, certains n\u2019ont pas forc\u00e9ment marqu\u00e9 des points si l\u2019on en croit St\u00e9phane Gilli\u2026<\/p>\n<p class=\"paragraph text_align_left lp-f-body-02\">\u00ab Chacun avait des objectifs diff\u00e9rents, des joueurs revenaient de blessures de longue dur\u00e9e ou moins longue mais il fallait qu\u2019ils retrouvent du rythme, explique St\u00e9phane Gilli. Je ne vais pas faire de bilan individuel. Je ne vais pas faire de langue de bois, j\u2019ai aussi eu des confirmations moins bonnes sur certains. Je voulais voir des intentions, des comp\u00e9titeurs. J\u2019attendais un peu plus sur certains postes. Le haut niveau, \u00e7a demande autre chose, de l\u2019engagement, de l\u2019envie\u2026 Contre Nantes, \u00e7a sera autre chose, s\u00fbrement l\u2019\u00e9quipe qui d\u00e9butera \u00e0 90 % contre Angers. \u00bb<\/p>\n<p><script async src=\"https:\/\/platform.twitter.com\/widgets.js\" charset=\"utf-8\"><\/script><\/p>\n","protected":false},"excerpt":{"rendered":"\u00c0 onze jours de la reprise de la Ligue 1 \u00e0 Angers, le Paris FC a jou\u00e9 pour&hellip;\n","protected":false},"author":2,"featured_media":301251,"comment_status":"","ping_status":"","sticky":false,"template":"","format":"standard","meta":{"footnotes":""},"categories":[1888],"tags":[11,1777,674,63,1011,27,66,12,626,25,60],"class_list":{"0":"post-301250","1":"post","2":"type-post","3":"status-publish","4":"format-standard","5":"has-post-thumbnail","7":"category-paris","8":"tag-actualites","9":"tag-eu","10":"tag-europe","11":"tag-football","12":"tag-fr","13":"tag-france","14":"tag-ligue-1","15":"tag-news","16":"tag-paris","17":"tag-republique-francaise","18":"tag-sports"},"share_on_mastodon":{"url":"https:\/\/pubeurope.com\/@fr\/114983884788451059","error":""},"_links":{"self":[{"href":"https:\/\/www.europesays.com\/fr\/wp-json\/wp\/v2\/posts\/301250","targetHints":{"allow":["GET"]}}],"collection":[{"href":"https:\/\/www.europesays.com\/fr\/wp-json\/wp\/v2\/posts"}],"about":[{"href":"https:\/\/www.europesays.com\/fr\/wp-json\/wp\/v2\/types\/post"}],"author":[{"embeddable":true,"href":"https:\/\/www.europesays.com\/fr\/wp-json\/wp\/v2\/users\/2"}],"replies":[{"embeddable":true,"href":"https:\/\/www.europesays.com\/fr\/wp-json\/wp\/v2\/comments?post=301250"}],"version-history":[{"count":0,"href":"https:\/\/www.europesays.com\/fr\/wp-json\/wp\/v2\/posts\/301250\/revisions"}],"wp:featuredmedia":[{"embeddable":true,"href":"https:\/\/www.europesays.com\/fr\/wp-json\/wp\/v2\/media\/301251"}],"wp:attachment":[{"href":"https:\/\/www.europesays.com\/fr\/wp-json\/wp\/v2\/media?parent=301250"}],"wp:term":[{"taxonomy":"category","embeddable":true,"href":"https:\/\/www.europesays.com\/fr\/wp-json\/wp\/v2\/categories?post=301250"},{"taxonomy":"post_tag","embeddable":true,"href":"https:\/\/www.europesays.com\/fr\/wp-json\/wp\/v2\/tags?post=301250"}],"curies":[{"name":"wp","href":"https:\/\/api.w.org\/{rel}","templated":true}]}}