{"id":301254,"date":"2025-08-06T21:14:10","date_gmt":"2025-08-06T21:14:10","guid":{"rendered":"https:\/\/www.europesays.com\/fr\/301254\/"},"modified":"2025-08-06T21:14:10","modified_gmt":"2025-08-06T21:14:10","slug":"donald-trump-se-dit-pret-a-rencontrer-poutine-potentiellement-des-la-semaine-prochaine","status":"publish","type":"post","link":"https:\/\/www.europesays.com\/fr\/301254\/","title":{"rendered":"Donald Trump se dit pr\u00eat \u00e0 rencontrer Poutine, potentiellement d\u00e8s la semaine prochaine"},"content":{"rendered":"<p>Le pr\u00e9sident des \u00c9tats-Unis est \u00abouvert \u00e0 une rencontre \u00e0 la fois avec le pr\u00e9sident Poutine et avec le pr\u00e9sident Zelensky\u00bb, a d\u00e9clar\u00e9 sa porte-parole.<\/p>\n<p class=\"fig-paragraph\">\u00c9ni\u00e8me rebondissement dans la\u00a0<a href=\"https:\/\/www.lefigaro.fr\/international\/dossier\/tensions-entre-la-russie-et-l-ukraine-tout-comprendre-a-la-menace-d-une-invasion-russe\" target=\"_blank\" data-fig-type=\"Topic\" rel=\"sponsored noopener\" data-gtm-custom-categorie=\"navigation\" data-gtm-custom-action=\"crossclick\" data-gtm-custom-label=\"Contextuel\" data-gtm-event=\"customEventSPE\" data-fig-domain=\"LEFIGARO\">guerre en Ukraine<\/a>. Dans une soudaine acc\u00e9l\u00e9ration diplomatique,\u00a0<a href=\"https:\/\/www.lefigaro.fr\/tag\/donald-trump\" target=\"_blank\" rel=\"sponsored noopener\" data-gtm-custom-categorie=\"navigation\" data-gtm-custom-action=\"crossclick\" data-gtm-custom-label=\"Contextuel\" data-gtm-event=\"customEventSPE\">Donald Trump<\/a>\u00a0s&rsquo;est dit mercredi \u00abouvert\u00bb \u00e0 une rencontre avec\u00a0<a href=\"https:\/\/www.lefigaro.fr\/tag\/vladimir-poutine\" target=\"_blank\" rel=\"sponsored noopener\" data-gtm-custom-categorie=\"navigation\" data-gtm-custom-action=\"crossclick\" data-gtm-custom-label=\"Contextuel\" data-gtm-event=\"customEventSPE\">Vladimir Poutine<\/a>, potentiellement d\u00e8s la semaine prochaine, ainsi qu&rsquo;avec\u00a0<a href=\"https:\/\/www.lefigaro.fr\/tag\/volodymyr-zelensky\" target=\"_blank\" rel=\"sponsored noopener\" data-gtm-custom-categorie=\"navigation\" data-gtm-custom-action=\"crossclick\" data-gtm-custom-label=\"Contextuel\" data-gtm-event=\"customEventSPE\">Volodymyr Zelensky<\/a>.<\/p>\n<p class=\"fig-paragraph\">Dans la foul\u00e9e d&rsquo;une visite qualifi\u00e9e de \u00abproductive\u00bb de son \u00e9missaire sp\u00e9cial \u00e0 Moscou, le pr\u00e9sident am\u00e9ricain a dit \u00e0 plusieurs dirigeants europ\u00e9ens vouloir rencontrer son homologue russe en personne, peut-\u00eatre d\u00e8s la semaine prochaine, et organiser ensuite une r\u00e9union \u00e0 trois avec le pr\u00e9sident ukrainien, rapportent le New York Times et CNN.<\/p>\n<p>                                    <a class=\"fig-a11y-skip a11y-hidden\" href=\"#fig-a11y-skip-main-inarticle\"><br \/>\n        Passer la publicit\u00e9<br \/>\n    <\/a><\/p>\n<p class=\"fig-paragraph\">Donald Trump est \u00abouvert \u00e0 une rencontre \u00e0 la fois avec le pr\u00e9sident (russe Vladimir) Poutine et avec le pr\u00e9sident Zelensky\u00bb, a d\u00e9clar\u00e9 sa porte-parole, Karoline Leavitt, interrog\u00e9e sur ces informations. Elle a pr\u00e9cis\u00e9 que \u00ables Russes (avaient) fait part de leur d\u00e9sir de rencontrer\u00bb le pr\u00e9sident am\u00e9ricain, dans un contexte qui s&rsquo;est nettement tendu r\u00e9cemment entre Moscou et Washington.<\/p>\n<p class=\"fig-body-link\">\n            \u00c0 lire aussi<br \/>\n        <a class=\"fig-body-link__link fig-premium-mark\" href=\"http:\/\/www.lefigaro.fr\/international\/apres-leur-rencontre-vladimir-poutine-et-steve-witkoff-preservent-les-apparences-20250806\" target=\"_blank\" data-fig-type=\"Article\" rel=\"noopener\" data-gtm-custom-categorie=\"navigation\" data-gtm-custom-action=\"crossclick\" data-gtm-custom-label=\"Contextuel\" data-gtm-event=\"customEventSPE\" data-fig-domain=\"LEFIGARO\">Guerre en Ukraine\u00a0: apr\u00e8s leur rencontre, Vladimir Poutine et Steve Witkoff pr\u00e9servent les apparences<br \/>\n    <\/a>\n<\/p>\n<p>R\u00e9union \u00abtr\u00e8s productive\u00bb<\/p>\n<p class=\"fig-paragraph\">Ce regain d&rsquo;activit\u00e9 diplomatique fait suite \u00e0\u00a0<a href=\"http:\/\/www.lefigaro.fr\/flash-actu\/guerre-en-ukraine-l-emissaire-de-donald-trump-steve-witkoff-est-arrive-a-moscou-20250806\" target=\"_blank\" data-fig-type=\"NewsFlash\" rel=\"noopener\" data-gtm-custom-categorie=\"navigation\" data-gtm-custom-action=\"crossclick\" data-gtm-custom-label=\"Contextuel\" data-gtm-event=\"customEventSPE\" data-fig-domain=\"LEFIGARO\">une rencontre mercredi de Steve Witkoff avec Vladimir Poutine<\/a>, \u00e0 deux jours de l&rsquo;expiration d&rsquo;un ultimatum des \u00c9tats-Unis \u00e0 la Russie, somm\u00e9e de mettre fin au conflit en Ukraine. La r\u00e9union a dur\u00e9 \u00abpr\u00e8s de trois heures\u00bb, selon l&rsquo;agence de presse \u00e9tatique russe TASS. Elle a \u00e9t\u00e9 qualifi\u00e9e de \u00abtr\u00e8s utile et constructive\u00bb par le conseiller diplomatique du chef de l&rsquo;\u00c9tat russe, Iouri Ouchakov.<\/p>\n<p class=\"fig-paragraph\">De son c\u00f4t\u00e9, le pr\u00e9sident am\u00e9ricain a assur\u00e9 sur son r\u00e9seau Truth Social que la r\u00e9union avait \u00e9t\u00e9 \u00abtr\u00e8s productive\u00bb. Un haut responsable am\u00e9ricain a toutefois pr\u00e9cis\u00e9 que les \u00c9tats-Unis pr\u00e9voyaient toujours de mettre en place vendredi des sanctions secondaires, c&rsquo;est-\u00e0-dire visant les pays qui se fournissent aupr\u00e8s de la Russie, en particulier en p\u00e9trole et en armes.<\/p>\n<p class=\"fig-paragraph\">Apr\u00e8s cette rencontre entre Vladimir Poutine et Steve Witkoff, qui se sont d\u00e9j\u00e0 vus \u00e0 plusieurs reprises ces derniers mois, Donald Trump a parl\u00e9 au t\u00e9l\u00e9phone avec Volodymyr Zelensky, a annonc\u00e9 ce dernier. Le Premier ministre britannique, Keir Starmer, le chancelier allemand, Friedrich Merz, le pr\u00e9sident finlandais, Alexander Stubb, et le secr\u00e9taire g\u00e9n\u00e9ral de l&rsquo;Otan, Mark Rutte, ont particip\u00e9 \u00e0 cette conversation, a indiqu\u00e9 \u00e0 l&rsquo;AFP une source ukrainienne haut plac\u00e9e.<\/p>\n<p>L\u2019ultimatum de Trump<\/p>\n<p class=\"fig-paragraph\">Aucun des entretiens de Vladimir Poutine avec Steve Witkoff, l&rsquo;homme de confiance de Donald Trump pour les \u00abmissions de paix\u00bb, pas plus que les coups de fil avec le pr\u00e9sident am\u00e9ricain lui-m\u00eame n&rsquo;ont jusqu&rsquo;ici amen\u00e9 le dirigeant russe \u00e0 changer de cap. Les relations entre la Russie et les \u00c9tats-Unis connaissent m\u00eame depuis la semaine derni\u00e8re un soudain pic de tensions avec l&rsquo;annonce du d\u00e9ploiement de deux sous-marins nucl\u00e9aires am\u00e9ricains \u00e0 la suite d&rsquo;une dispute en ligne avec l&rsquo;ancien chef de l&rsquo;\u00c9tat russe, Dmitri Medvedev.<\/p>\n<p>                                    <a class=\"fig-a11y-skip a11y-hidden\" href=\"#fig-a11y-skip-main-inarticle_mtf\"><br \/>\n        Passer la publicit\u00e9<br \/>\n    <\/a><\/p>\n<p class=\"fig-paragraph\">Donald Trump a donn\u00e9 jusqu&rsquo;\u00e0 vendredi \u00e0 la Russie pour qu&rsquo;elle mette fin \u00e0 la guerre en Ukraine, sous peine de nouvelles sanctions s\u00e9v\u00e8res. Il a notamment menac\u00e9 d&rsquo;infliger des \u00abdroits de douane secondaires\u00bb aux pays qui continuent de faire du commerce avec Moscou, comme la Chine et l&rsquo;Inde. Il a d&rsquo;ores et d\u00e9j\u00e0 annonc\u00e9 augmenter \u00e0 50% les droits de douane sur les produits indiens, reprochant \u00e0 l&rsquo;Inde ses achats de p\u00e9trole russe.<\/p>\n<p class=\"fig-paragraph\">Le pr\u00e9sident am\u00e9ricain, qui avait repris le contact avec Vladimir Poutine \u00e0 son retour \u00e0 la Maison Blanche dans l&rsquo;espoir de mettre rapidement fin au conflit en Ukraine, exprime dor\u00e9navant de plus en plus ouvertement sa frustration \u00e0 l&rsquo;\u00e9gard du ma\u00eetre du Kremlin. Malgr\u00e9 la pression exerc\u00e9e par Washington, l&rsquo;offensive russe contre son voisin se poursuit.<\/p>\n<p class=\"fig-body-link\">\n            \u00c0 lire aussi<br \/>\n        <a class=\"fig-body-link__link fig-premium-mark\" href=\"http:\/\/www.lefigaro.fr\/international\/guerre-en-ukraine-donald-trump-espere-encore-un-geste-de-vladimir-poutine-20250805\" target=\"_blank\" data-fig-type=\"Article\" rel=\"noopener\" data-gtm-custom-categorie=\"navigation\" data-gtm-custom-action=\"crossclick\" data-gtm-custom-label=\"Contextuel\" data-gtm-event=\"customEventSPE\" data-fig-domain=\"LEFIGARO\">Guerre en Ukraine\u00a0: Donald Trump esp\u00e8re encore un geste de Vladimir Poutine<br \/>\n    <\/a><\/p>\n","protected":false},"excerpt":{"rendered":"Le pr\u00e9sident des \u00c9tats-Unis est \u00abouvert \u00e0 une rencontre \u00e0 la fois avec le pr\u00e9sident Poutine et avec&hellip;\n","protected":false},"author":2,"featured_media":301255,"comment_status":"","ping_status":"","sticky":false,"template":"","format":"standard","meta":{"footnotes":""},"categories":[1590],"tags":[11,75,1777,674,131,12,220,135],"class_list":{"0":"post-301254","1":"post","2":"type-post","3":"status-publish","4":"format-standard","5":"has-post-thumbnail","7":"category-ukraine","8":"tag-actualites","9":"tag-donald-trump","10":"tag-eu","11":"tag-europe","12":"tag-guerre-en-ukraine","13":"tag-news","14":"tag-ukraine","15":"tag-vladimir-poutine"},"share_on_mastodon":{"url":"https:\/\/pubeurope.com\/@fr\/114983892744792758","error":""},"_links":{"self":[{"href":"https:\/\/www.europesays.com\/fr\/wp-json\/wp\/v2\/posts\/301254","targetHints":{"allow":["GET"]}}],"collection":[{"href":"https:\/\/www.europesays.com\/fr\/wp-json\/wp\/v2\/posts"}],"about":[{"href":"https:\/\/www.europesays.com\/fr\/wp-json\/wp\/v2\/types\/post"}],"author":[{"embeddable":true,"href":"https:\/\/www.europesays.com\/fr\/wp-json\/wp\/v2\/users\/2"}],"replies":[{"embeddable":true,"href":"https:\/\/www.europesays.com\/fr\/wp-json\/wp\/v2\/comments?post=301254"}],"version-history":[{"count":0,"href":"https:\/\/www.europesays.com\/fr\/wp-json\/wp\/v2\/posts\/301254\/revisions"}],"wp:featuredmedia":[{"embeddable":true,"href":"https:\/\/www.europesays.com\/fr\/wp-json\/wp\/v2\/media\/301255"}],"wp:attachment":[{"href":"https:\/\/www.europesays.com\/fr\/wp-json\/wp\/v2\/media?parent=301254"}],"wp:term":[{"taxonomy":"category","embeddable":true,"href":"https:\/\/www.europesays.com\/fr\/wp-json\/wp\/v2\/categories?post=301254"},{"taxonomy":"post_tag","embeddable":true,"href":"https:\/\/www.europesays.com\/fr\/wp-json\/wp\/v2\/tags?post=301254"}],"curies":[{"name":"wp","href":"https:\/\/api.w.org\/{rel}","templated":true}]}}