{"id":301256,"date":"2025-08-06T21:15:14","date_gmt":"2025-08-06T21:15:14","guid":{"rendered":"https:\/\/www.europesays.com\/fr\/301256\/"},"modified":"2025-08-06T21:15:14","modified_gmt":"2025-08-06T21:15:14","slug":"cette-agressivite-est-aussi-un-aveu-de-faiblesse","status":"publish","type":"post","link":"https:\/\/www.europesays.com\/fr\/301256\/","title":{"rendered":"\u201cCette agressivit\u00e9 est aussi un aveu de faiblesse\u201d"},"content":{"rendered":"<p>      <img fetchpriority=\"high\" decoding=\"async\" class=\"mx-auto\" src=\"data:image\/svg+xml,%3Csvg%20xmlns%3D%27http%3A%2F%2Fwww.w3.org%2F2000%2Fsvg%27%20fill%3D%22%23e4e4e4%22%20viewBox%3D%270%200%20510%20340%27%20width%3D%22510%22%20height%3D%22340%22%3E%3Cpath%20d%3D%27M0%200h510v340H0z%27%2F%3E%3C%2Fsvg%3E\"  loading=\"eager\" width=\"510\" height=\"340\" data-oncrawl-image-size=\"510x340\" alt=\"Donald Trump, le 5\u00a0ao\u00fbt 2025. \"\/>      <\/p>\n<p class=\"latino-100m text-grey-600\">\n            Donald Trump, le 5\u00a0ao\u00fbt 2025. \u00a0BRENDAN SMIALOWSKI \/ AFP        <\/p>\n<p>        Lire\u00a0plus\u00a0tard      <\/p>\n<p><a aria-label=\"Nous suivre sur Google News\" href=\"https:\/\/news.google.com\/publications\/CAAqBwgKMJe4nQkw3dFs?hl=fr&amp;gl=FR&amp;ceid=FR%3Afr\" target=\"_blank\" data-piano=\"Page_Article,Sous_date_publi,Nous_suivre_sur_google_news,1er_clic,action\" class=\"btn btn--small btn--tertiary btn--icon-only\" rel=\"noopener\"><\/p>\n<p>      Google Actualit\u00e9s<br \/>\n  <\/a><\/p>\n<p>  Partager<\/p>\n<p>        Facebook<\/p>\n<p>        Bluesky<\/p>\n<p>        E-mail<\/p>\n<p>        Copier le lien<\/p>\n<p>      Envoyer<\/p>\n<p>      S\u2019abonner pour lire    <\/p>\n<p class=\"node__paragraphe antonia-750r text-grey-800 pb-24 pb-md-30\">\nLa guerre commerciale engag\u00e9e par <a href=\"https:\/\/www.nouvelobs.com\/monde\/20250729.OBS106309\/six-mois-en-dystopie-comment-trump-a-defigure-les-etats-unis-depuis-son-retour-au-pouvoir.html\" target=\"_blank\" rel=\"noopener\">Donald Trump<\/a> n\u2019est-elle que le chant du cygne d\u2019une superpuissance en d\u00e9clin\u00a0? Si, en Europe, l\u2019annonce de <a href=\"https:\/\/www.nouvelobs.com\/economie\/20250729.OBS106321\/droits-de-douane-l-effet-sur-les-entreprises-ne-sera-pas-immediat-ce-sera-plutot-un-poison-lent.html\" target=\"_blank\" rel=\"noopener\">droits de douane<\/a> a cristallis\u00e9 un sentiment d\u2019impuissance face \u00e0 l\u2019unilat\u00e9ralisme am\u00e9ricain, la Chine, elle, a su man\u0153uvrer. P\u00e9kin est parvenue \u00e0 imposer un cadre de n\u00e9gociation avec les Etats-Unis, qui restent d\u00e9pendants de sa main-d\u2019\u0153uvre et de ses ressources strat\u00e9giques. Depuis son entr\u00e9e \u00e0 l\u2019Organisation mondiale du Commerce en\u00a02001, la Chine s\u2019attelle \u00e0 red\u00e9finir les r\u00e8gles du jeu \u00e9conomique mondial selon ses int\u00e9r\u00eats. Benjamin B\u00fcrbaumer, \u00e9conomiste et professeur \u00e0 Sciences-Po Bordeaux, d\u00e9crypte dans son essai \u00ab\u00a0Chine\/Etats-Unis\u00a0: le capitalisme contre la mondialisation\u00a0\u00bb (La D\u00e9couverte, 2024) les mutations profondes des \u00e9quilibres commerciaux. Entretien.<\/p>\n<p>Comment analyser la guerre commerciale lanc\u00e9e par Trump\u00a0?<\/p>\n<p class=\"node__paragraphe antonia-750r text-grey-800 pb-8\">\n<strong>Benjamin B\u00fcrbaumer <\/strong>Trump est le produit de la rivalit\u00e9 sino-am\u00e9ricaine\u00a0; on ne comprend rien au mouvement MAGA [Make Am\u00e9rica Great Again, \u00ab\u00a0rendre sa grandeur \u00e0 l\u2019Am\u00e9rique\u00a0\u00bb] ni aux agissements des Etats-Unis si l\u2019on ne les replace pas dans le\u2026<\/p>\n<p>  <img loading=\"lazy\" decoding=\"async\" class=\"floating-img\" src=\"https:\/\/www.europesays.com\/fr\/wp-content\/uploads\/2025\/07\/img-paywall@2x.png\" width=\"142\" height=\"91\" alt=\"\"\/><\/p>\n<p class=\"latino-100m text-blue-400\">Article r\u00e9serv\u00e9 aux abonn\u00e9s.<\/p>\n<p>          Se connecter<\/p>\n<p class=\"pb-16 text-center antonia-1850c\">Offre d\u2019\u00e9t\u00e9\u00a0:<br \/>1\u20ac\/mois pendant 6\u00a0mois<\/p>\n<p>\n        S&rsquo;abonner\n      <\/p>\n<p>          D\u00e9couvrir toutes nos offres<\/p>\n","protected":false},"excerpt":{"rendered":"Donald Trump, le 5\u00a0ao\u00fbt 2025. \u00a0BRENDAN SMIALOWSKI \/ AFP Lire\u00a0plus\u00a0tard Google Actualit\u00e9s Partager Facebook Bluesky E-mail Copier le&hellip;\n","protected":false},"author":2,"featured_media":301257,"comment_status":"","ping_status":"","sticky":false,"template":"","format":"standard","meta":{"footnotes":""},"categories":[1589],"tags":[17,11,44134,44135,75,73,1866,44136,74,12,467,1864,1865,1863,308],"class_list":{"0":"post-301256","1":"post","2":"type-post","3":"status-publish","4":"format-standard","5":"has-post-thumbnail","7":"category-etats-unis","8":"tag-17","9":"tag-actualites","10":"tag-agressivite","11":"tag-aveu","12":"tag-donald-trump","13":"tag-etats-unis","14":"tag-etats-unis-damerique","15":"tag-faiblesse","16":"tag-monde","17":"tag-news","18":"tag-trump","19":"tag-united-states","20":"tag-united-states-of-america","21":"tag-us","22":"tag-usa"},"share_on_mastodon":{"url":"https:\/\/pubeurope.com\/@fr\/114983896622837434","error":""},"_links":{"self":[{"href":"https:\/\/www.europesays.com\/fr\/wp-json\/wp\/v2\/posts\/301256","targetHints":{"allow":["GET"]}}],"collection":[{"href":"https:\/\/www.europesays.com\/fr\/wp-json\/wp\/v2\/posts"}],"about":[{"href":"https:\/\/www.europesays.com\/fr\/wp-json\/wp\/v2\/types\/post"}],"author":[{"embeddable":true,"href":"https:\/\/www.europesays.com\/fr\/wp-json\/wp\/v2\/users\/2"}],"replies":[{"embeddable":true,"href":"https:\/\/www.europesays.com\/fr\/wp-json\/wp\/v2\/comments?post=301256"}],"version-history":[{"count":0,"href":"https:\/\/www.europesays.com\/fr\/wp-json\/wp\/v2\/posts\/301256\/revisions"}],"wp:featuredmedia":[{"embeddable":true,"href":"https:\/\/www.europesays.com\/fr\/wp-json\/wp\/v2\/media\/301257"}],"wp:attachment":[{"href":"https:\/\/www.europesays.com\/fr\/wp-json\/wp\/v2\/media?parent=301256"}],"wp:term":[{"taxonomy":"category","embeddable":true,"href":"https:\/\/www.europesays.com\/fr\/wp-json\/wp\/v2\/categories?post=301256"},{"taxonomy":"post_tag","embeddable":true,"href":"https:\/\/www.europesays.com\/fr\/wp-json\/wp\/v2\/tags?post=301256"}],"curies":[{"name":"wp","href":"https:\/\/api.w.org\/{rel}","templated":true}]}}