{"id":301260,"date":"2025-08-06T21:17:10","date_gmt":"2025-08-06T21:17:10","guid":{"rendered":"https:\/\/www.europesays.com\/fr\/301260\/"},"modified":"2025-08-06T21:17:10","modified_gmt":"2025-08-06T21:17:10","slug":"decouverte-a-dresde-une-bombe-datant-de-la-seconde-guerre-mondiale-a-ete-desamorcee","status":"publish","type":"post","link":"https:\/\/www.europesays.com\/fr\/301260\/","title":{"rendered":"D\u00e9couverte \u00e0 Dresde, une bombe datant de la Seconde Guerre mondiale a \u00e9t\u00e9 d\u00e9samorc\u00e9e"},"content":{"rendered":"<p>D\u00e9couverte lors de travaux dans le centre historique de Dresde en Allemagne, une <a href=\"https:\/\/www.20minutes.fr\/monde\/bombe\/\" target=\"_blank\" class=\"color-ultramarine c-link\" rel=\"noopener\">bombe<\/a> britannique de 250 kilos datant de la <a href=\"https:\/\/www.20minutes.fr\/dossier\/seconde_guerre_mondiale\" target=\"_blank\" class=\"color-ultramarine c-link\" rel=\"noopener\">Seconde Guerre mondiale<\/a> a \u00e9t\u00e9 d\u00e9samorc\u00e9e avec succ\u00e8s ce mercredi, mettant fin \u00e0 une vaste op\u00e9ration d\u2019<a href=\"https:\/\/www.20minutes.fr\/dossier\/evacuation\" target=\"_blank\" class=\"color-ultramarine c-link\" rel=\"noopener\">\u00e9vacuation<\/a>.<\/p>\n<p>L\u2019engin explosif avait \u00e9t\u00e9 mis au jour, hier mardi, sur le chantier de d\u00e9blayage li\u00e9 \u00e0 l\u2019effondrement, en septembre dernier, du pont Carola, l\u2019un des principaux axes reliant la vieille ville au reste de la capitale saxonne. Ce secteur, tr\u00e8s touristique et surnomm\u00e9 \u00ab\u00a0la Florence de l\u2019Elbe\u00a0\u00bb, abrite notamment la c\u00e9l\u00e8bre Frauenkirche, temple protestant du XVIII\u1d49 si\u00e8cle, d\u00e9truit en\u00a01945 et reconstruit pierre par pierre.<\/p>\n<\/p>\n<p>Plus de 17.000 personnes \u00e9vacu\u00e9es<\/p>\n<p>D\u00e8s mardi matin, environ 17.000 r\u00e9sidents avaient \u00e9t\u00e9 oblig\u00e9s de quitter temporairement leur domicile pour permettre aux <a href=\"https:\/\/www.20minutes.fr\/dossier\/demineur\" target=\"_blank\" class=\"color-ultramarine c-link\" rel=\"noopener\">d\u00e9mineurs<\/a> d\u2019intervenir en toute s\u00e9curit\u00e9. Les autorit\u00e9s locales ont \u00e9galement pr\u00e9cis\u00e9 que le centre historique, largement d\u00e9truit par les bombardements de\u00a01945, avait \u00e9t\u00e9 boucl\u00e9 pendant plusieurs heures.<\/p>\n<p><a href=\"https:\/\/www.20minutes.fr\/dossier\/allemagne\" target=\"_blank\" class=\"c-link c-btn c-btn--primary\" rel=\"noopener\">Notre dossier sur l&rsquo;Allemagne<\/a><\/p>\n<p>Ce n\u2019est pas la premi\u00e8re fois que la ville fait face \u00e0 ce type de menace. En janvier dernier, une autre bombe avait \u00e9t\u00e9 d\u00e9samorc\u00e9e sur le m\u00eame site, entra\u00eenant l\u2019\u00e9vacuation de pr\u00e8s de 10.000 personnes. Au niveau national, l\u2019<a href=\"https:\/\/www.20minutes.fr\/dossier\/allemagne\" target=\"_blank\" class=\"color-ultramarine c-link\" rel=\"noopener\">Allemagne<\/a> reste ponctuellement confront\u00e9e \u00e0 la d\u00e9couverte de munitions non explos\u00e9es. En juin, \u00e0 Cologne, plus de 20.000 habitants avaient d\u00fb quitter leur logement lors de la plus importante op\u00e9ration de d\u00e9samor\u00e7age men\u00e9e dans cette ville depuis la guerre.<\/p>\n","protected":false},"excerpt":{"rendered":"D\u00e9couverte lors de travaux dans le centre historique de Dresde en Allemagne, une bombe britannique de 250 kilos&hellip;\n","protected":false},"author":2,"featured_media":301261,"comment_status":"","ping_status":"","sticky":false,"template":"","format":"standard","meta":{"footnotes":""},"categories":[1587],"tags":[47,11,672,10489,1804,1805,7567,1803,1777,674,5220,1801,74,12,1802,935],"class_list":{"0":"post-301260","1":"post","2":"type-post","3":"status-publish","4":"format-standard","5":"has-post-thumbnail","7":"category-allemagne","8":"tag-actualite","9":"tag-actualites","10":"tag-allemagne","11":"tag-bombe","12":"tag-bundesrepublik-deutschland","13":"tag-de","14":"tag-demineur","15":"tag-deutschland","16":"tag-eu","17":"tag-europe","18":"tag-evacuation","19":"tag-germany","20":"tag-monde","21":"tag-news","22":"tag-republique-federale-dallemagne","23":"tag-seconde-guerre-mondiale"},"share_on_mastodon":{"url":"https:\/\/pubeurope.com\/@fr\/114983904460788315","error":""},"_links":{"self":[{"href":"https:\/\/www.europesays.com\/fr\/wp-json\/wp\/v2\/posts\/301260","targetHints":{"allow":["GET"]}}],"collection":[{"href":"https:\/\/www.europesays.com\/fr\/wp-json\/wp\/v2\/posts"}],"about":[{"href":"https:\/\/www.europesays.com\/fr\/wp-json\/wp\/v2\/types\/post"}],"author":[{"embeddable":true,"href":"https:\/\/www.europesays.com\/fr\/wp-json\/wp\/v2\/users\/2"}],"replies":[{"embeddable":true,"href":"https:\/\/www.europesays.com\/fr\/wp-json\/wp\/v2\/comments?post=301260"}],"version-history":[{"count":0,"href":"https:\/\/www.europesays.com\/fr\/wp-json\/wp\/v2\/posts\/301260\/revisions"}],"wp:featuredmedia":[{"embeddable":true,"href":"https:\/\/www.europesays.com\/fr\/wp-json\/wp\/v2\/media\/301261"}],"wp:attachment":[{"href":"https:\/\/www.europesays.com\/fr\/wp-json\/wp\/v2\/media?parent=301260"}],"wp:term":[{"taxonomy":"category","embeddable":true,"href":"https:\/\/www.europesays.com\/fr\/wp-json\/wp\/v2\/categories?post=301260"},{"taxonomy":"post_tag","embeddable":true,"href":"https:\/\/www.europesays.com\/fr\/wp-json\/wp\/v2\/tags?post=301260"}],"curies":[{"name":"wp","href":"https:\/\/api.w.org\/{rel}","templated":true}]}}