{"id":301262,"date":"2025-08-06T21:18:25","date_gmt":"2025-08-06T21:18:25","guid":{"rendered":"https:\/\/www.europesays.com\/fr\/301262\/"},"modified":"2025-08-06T21:18:25","modified_gmt":"2025-08-06T21:18:25","slug":"un-militant-arrete-apres-avoir-prononce-un-discours-au-conseil-de-leurope","status":"publish","type":"post","link":"https:\/\/www.europesays.com\/fr\/301262\/","title":{"rendered":"un militant arr\u00eat\u00e9 apr\u00e8s avoir prononc\u00e9 un discours au Conseil de l&rsquo;Europe"},"content":{"rendered":"<p>Le jeune homme, tr\u00e8s impliqu\u00e9 dans la d\u00e9fense des droits humains et des personnes LGBTQI+, avait d\u00e9nonc\u00e9 en mars un \u00abrecul d\u00e9mocratique\u00bb en Turquie apr\u00e8s l\u2019arrestation du maire d\u2019opposition d\u2019Istanbul Ekrem Imamoglu.<\/p>\n<p class=\"fig-paragraph\">Un militant turc, d\u00e9l\u00e9gu\u00e9 jeune du Congr\u00e8s du\u00a0<a href=\"http:\/\/www.lefigaro.fr\/flash-actu\/l-espagne-epinglee-par-le-conseil-de-l-europe-face-aux-affaires-de-corruption-des-hauts-dirigeants-20250801\" target=\"_blank\" data-fig-type=\"NewsFlash\" rel=\"noopener\" data-gtm-custom-categorie=\"navigation\" data-gtm-custom-action=\"crossclick\" data-gtm-custom-label=\"Contextuel\" data-gtm-event=\"customEventSPE\" data-fig-domain=\"LEFIGARO\">Conseil de l&rsquo;Europe<\/a>\u00a0devant lequel il avait d\u00e9nonc\u00e9 un \u00abrecul d\u00e9mocratique\u00bb en\u00a0<a href=\"http:\/\/www.lefigaro.fr\/faits-divers\/turquie-deux-francaises-risquent-17-ans-de-prison-pour-avoir-transporte-des-valises-de-drogue-20250801\" target=\"_blank\" data-fig-type=\"Article\" rel=\"noopener\" data-gtm-custom-categorie=\"navigation\" data-gtm-custom-action=\"crossclick\" data-gtm-custom-label=\"Contextuel\" data-gtm-event=\"customEventSPE\" data-fig-domain=\"LEFIGARO\">Turquie<\/a>, a \u00e9t\u00e9 arr\u00eat\u00e9 mardi \u00e0 son arriv\u00e9e \u00e0 l&rsquo;a\u00e9roport d&rsquo;Ankara, ont annonc\u00e9 mercredi le Conseil de l&rsquo;Europe et son avocat.<\/p>\n<p class=\"fig-paragraph\">\u00abEnes (Hocaogullari) a \u00e9t\u00e9 arr\u00eat\u00e9. Il se trouve actuellement \u00e0 la prison de Sincan\u00bb, pr\u00e8s de la capitale Ankara, a d\u00e9clar\u00e9 son avocat, Mahmut Seren, d\u00e9non\u00e7ant une \u00abarrestation politique\u00bb. Selon l&rsquo;avocat, le militant, \u00e2g\u00e9 de 23 ans, \u00e9tait sous le coup d&rsquo;un mandat d&rsquo;arr\u00eat \u00e0 la suite d\u2019une enqu\u00eate ouverte par la justice turque apr\u00e8s son intervention fin mars devant le Congr\u00e8s des pouvoirs locaux et r\u00e9gionaux, un organe du Conseil de l&rsquo;Europe bas\u00e9 \u00e0 Strasbourg (France).<\/p>\n<p>                                    <a class=\"fig-a11y-skip a11y-hidden\" href=\"#fig-a11y-skip-main-inarticle\"><br \/>\n        Passer la publicit\u00e9<br \/>\n    <\/a><\/p>\n<p>\u00abViolations des droits humains\u00bb<\/p>\n<p class=\"fig-paragraph\">Le jeune homme, tr\u00e8s impliqu\u00e9 dans la d\u00e9fense des droits humains et des personnes LGBTQI+, avait d\u00e9nonc\u00e9 un \u00abrecul d\u00e9mocratique\u00bb en Turquie apr\u00e8s l&rsquo;arrestation quelques jours auparavant du maire d&rsquo;opposition d&rsquo;Istanbul\u00a0<a href=\"http:\/\/www.lefigaro.fr\/international\/en-turquie-le-maire-d-istanbul-ekrem-imamoglu-convoque-a-la-barre-20250411\" target=\"_blank\" data-fig-type=\"Article\" rel=\"noopener\" data-gtm-custom-categorie=\"navigation\" data-gtm-custom-action=\"crossclick\" data-gtm-custom-label=\"Contextuel\" data-gtm-event=\"customEventSPE\" data-fig-domain=\"LEFIGARO\">Ekrem Imamoglu<\/a>. Il avait en outre accus\u00e9 la police turque de \u00abviolations des droits humains\u00bb et de \u00abbrutalit\u00e9 disproportionn\u00e9e\u00bb \u00e0 l&rsquo;\u00e9gard des manifestants descendus dans les rues du pays.<\/p>\n<p class=\"fig-paragraph\">\u00abL&rsquo;arrestation et les poursuites en question, fond\u00e9es sur des mots prononc\u00e9s par un d\u00e9l\u00e9gu\u00e9 jeune du Congr\u00e8s lors d&rsquo;une de ses s\u00e9ances pl\u00e9ni\u00e8res, bafouent le droit fondamental \u00e0 la libert\u00e9 d&rsquo;expression\u00bb, a d\u00e9nonc\u00e9 dans un communiqu\u00e9 Marc Cools, le pr\u00e9sident du Congr\u00e8s du Conseil de l&rsquo;Europe, exhortant la justice turque \u00e0 lever les poursuites visant Enes Hocaogullari et \u00e0 le \u00ablib\u00e9rer imm\u00e9diatement\u00bb. Enes Hocaogullari est poursuivi pour diffusion de fausses informations et incitation \u00e0 la haine.<\/p>\n<p>Une intervention devenue virale<\/p>\n<p class=\"fig-paragraph\">\u00abIl n&rsquo;y avait absolument rien d&rsquo;outrageux dans ce qu&rsquo;il disait\u00bb, a comment\u00e9 pour l&rsquo;AFP Mathieu Mori, le secr\u00e9taire g\u00e9n\u00e9ral du Congr\u00e8s du Conseil de l&rsquo;Europe. Mais le jeune homme \u00aba post\u00e9 son intervention sur les r\u00e9seaux sociaux, c&rsquo;est devenu viral, il y a eu plusieurs millions de vues\u00bb.<\/p>\n<p class=\"fig-paragraph\">Les autorit\u00e9s turques, accus\u00e9es d&rsquo;autoritarisme, avaient proc\u00e9d\u00e9 \u00e0 pr\u00e8s de 2000 arrestations lors de la vague de contestation d\u00e9clench\u00e9e par l&rsquo;arrestation du maire d&rsquo;Istanbul, la plus importante dans le pays depuis 2013. La plupart des personnes arr\u00eat\u00e9es ont \u00e9t\u00e9 rel\u00e2ch\u00e9es depuis.<\/p>\n<p class=\"fig-paragraph\">Charg\u00e9 de renforcer la d\u00e9mocratie locale, le Congr\u00e8s des pouvoirs locaux et r\u00e9gionaux compte 306 membres repr\u00e9sentant plus de 130.000 collectivit\u00e9s locales et r\u00e9gionales des 46 Etats membres du Conseil de l&rsquo;Europe. Chaque pays envoie aussi \u00e0 Strasbourg un d\u00e9l\u00e9gu\u00e9 charg\u00e9 de repr\u00e9senter les jeunes pour un mandat d&rsquo;un an.<\/p>\n","protected":false},"excerpt":{"rendered":"Le jeune homme, tr\u00e8s impliqu\u00e9 dans la d\u00e9fense des droits humains et des personnes LGBTQI+, avait d\u00e9nonc\u00e9 en&hellip;\n","protected":false},"author":2,"featured_media":301263,"comment_status":"","ping_status":"","sticky":false,"template":"","format":"standard","meta":{"footnotes":""},"categories":[1586],"tags":[11,1770,1777,674,1011,27,12,25,3496],"class_list":{"0":"post-301262","1":"post","2":"type-post","3":"status-publish","4":"format-standard","5":"has-post-thumbnail","7":"category-europe","8":"tag-actualites","9":"tag-corruption","10":"tag-eu","11":"tag-europe","12":"tag-fr","13":"tag-france","14":"tag-news","15":"tag-republique-francaise","16":"tag-turquie"},"share_on_mastodon":{"url":"https:\/\/pubeurope.com\/@fr\/114983908437749060","error":""},"_links":{"self":[{"href":"https:\/\/www.europesays.com\/fr\/wp-json\/wp\/v2\/posts\/301262","targetHints":{"allow":["GET"]}}],"collection":[{"href":"https:\/\/www.europesays.com\/fr\/wp-json\/wp\/v2\/posts"}],"about":[{"href":"https:\/\/www.europesays.com\/fr\/wp-json\/wp\/v2\/types\/post"}],"author":[{"embeddable":true,"href":"https:\/\/www.europesays.com\/fr\/wp-json\/wp\/v2\/users\/2"}],"replies":[{"embeddable":true,"href":"https:\/\/www.europesays.com\/fr\/wp-json\/wp\/v2\/comments?post=301262"}],"version-history":[{"count":0,"href":"https:\/\/www.europesays.com\/fr\/wp-json\/wp\/v2\/posts\/301262\/revisions"}],"wp:featuredmedia":[{"embeddable":true,"href":"https:\/\/www.europesays.com\/fr\/wp-json\/wp\/v2\/media\/301263"}],"wp:attachment":[{"href":"https:\/\/www.europesays.com\/fr\/wp-json\/wp\/v2\/media?parent=301262"}],"wp:term":[{"taxonomy":"category","embeddable":true,"href":"https:\/\/www.europesays.com\/fr\/wp-json\/wp\/v2\/categories?post=301262"},{"taxonomy":"post_tag","embeddable":true,"href":"https:\/\/www.europesays.com\/fr\/wp-json\/wp\/v2\/tags?post=301262"}],"curies":[{"name":"wp","href":"https:\/\/api.w.org\/{rel}","templated":true}]}}