{"id":301272,"date":"2025-08-06T21:24:12","date_gmt":"2025-08-06T21:24:12","guid":{"rendered":"https:\/\/www.europesays.com\/fr\/301272\/"},"modified":"2025-08-06T21:24:12","modified_gmt":"2025-08-06T21:24:12","slug":"la-suisse-nettement-battue-et-en-mauvaise-posture-rts-ch","status":"publish","type":"post","link":"https:\/\/www.europesays.com\/fr\/301272\/","title":{"rendered":"La Suisse nettement battue et en mauvaise posture &#8211; rts.ch"},"content":{"rendered":"<p>L&rsquo;\u00e9quipe de Suisse a subi une nette d\u00e9faite en qualification de l&rsquo;Euro f\u00e9minin 2026 (groupe A). A Wiesbaden, les prot\u00e9g\u00e9es de Lauren Bertolacci ont en effet perdu 3-0 face \u00e0 l&rsquo;Allemagne.<\/p>\n<p>Apr\u00e8s une premi\u00e8re manche dans laquelle elles n&rsquo;ont quasiment pas exist\u00e9 (25-10), les Suissesses ont un peu relev\u00e9 la t\u00eate ensuite. Elles ont \u00e9t\u00e9 battues 25-17 lors du deuxi\u00e8me set avant de s&rsquo;accrocher en vain au d\u00e9but de la manche d\u00e9cisive, finalement aussi perdue 25-17.<\/p>\n<p>Leur objectif de prendre au moins un point durant cette rencontre de la deuxi\u00e8me phase de qualification n&rsquo;a donc pas \u00e9t\u00e9 atteint, avec un revers 3-0 comme \u00e0 l&rsquo;aller. Il faudra d\u00e8s lors absolument gagner 3-0 ou 3-1 dimanche \u00e0 Sch\u00f6nenwerd contre la Finlande, troisi\u00e8me \u00e9quipe de ce groupe A. Mais cela ne pourrait m\u00eame pas \u00eatre suffisant, en fonction des r\u00e9sultats dans les autres groupes.<\/p>\n<p class=\"sources\">ats\/lper<\/p>\n","protected":false},"excerpt":{"rendered":"L&rsquo;\u00e9quipe de Suisse a subi une nette d\u00e9faite en qualification de l&rsquo;Euro f\u00e9minin 2026 (groupe A). A Wiesbaden,&hellip;\n","protected":false},"author":2,"featured_media":301273,"comment_status":"","ping_status":"","sticky":false,"template":"","format":"standard","meta":{"footnotes":""},"categories":[1417],"tags":[672,3062,29369,8484,44138,219,1011,27,3100,517,60,38134,1470,1632,1469,44139],"class_list":{"0":"post-301272","1":"post","2":"type-post","3":"status-publish","4":"format-standard","5":"has-post-thumbnail","7":"category-volley","8":"tag-allemagne","9":"tag-autres-sports","10":"tag-competition-de-qualification","11":"tag-defaite","12":"tag-fia-groupe-a","13":"tag-finlande","14":"tag-fr","15":"tag-france","16":"tag-lauren-bertolacci","17":"tag-sport","18":"tag-sports","19":"tag-uefa-euro-dames","20":"tag-volley","21":"tag-volley-ball","22":"tag-volleyball","23":"tag-wiesbaden"},"share_on_mastodon":{"url":"https:\/\/pubeurope.com\/@fr\/114983932012921784","error":""},"_links":{"self":[{"href":"https:\/\/www.europesays.com\/fr\/wp-json\/wp\/v2\/posts\/301272","targetHints":{"allow":["GET"]}}],"collection":[{"href":"https:\/\/www.europesays.com\/fr\/wp-json\/wp\/v2\/posts"}],"about":[{"href":"https:\/\/www.europesays.com\/fr\/wp-json\/wp\/v2\/types\/post"}],"author":[{"embeddable":true,"href":"https:\/\/www.europesays.com\/fr\/wp-json\/wp\/v2\/users\/2"}],"replies":[{"embeddable":true,"href":"https:\/\/www.europesays.com\/fr\/wp-json\/wp\/v2\/comments?post=301272"}],"version-history":[{"count":0,"href":"https:\/\/www.europesays.com\/fr\/wp-json\/wp\/v2\/posts\/301272\/revisions"}],"wp:featuredmedia":[{"embeddable":true,"href":"https:\/\/www.europesays.com\/fr\/wp-json\/wp\/v2\/media\/301273"}],"wp:attachment":[{"href":"https:\/\/www.europesays.com\/fr\/wp-json\/wp\/v2\/media?parent=301272"}],"wp:term":[{"taxonomy":"category","embeddable":true,"href":"https:\/\/www.europesays.com\/fr\/wp-json\/wp\/v2\/categories?post=301272"},{"taxonomy":"post_tag","embeddable":true,"href":"https:\/\/www.europesays.com\/fr\/wp-json\/wp\/v2\/tags?post=301272"}],"curies":[{"name":"wp","href":"https:\/\/api.w.org\/{rel}","templated":true}]}}