{"id":301274,"date":"2025-08-06T21:25:12","date_gmt":"2025-08-06T21:25:12","guid":{"rendered":"https:\/\/www.europesays.com\/fr\/301274\/"},"modified":"2025-08-06T21:25:12","modified_gmt":"2025-08-06T21:25:12","slug":"des-absents-de-poids-des-la-reprise-et-pour-diverses-raisons","status":"publish","type":"post","link":"https:\/\/www.europesays.com\/fr\/301274\/","title":{"rendered":"Des absents de poids d\u00e8s la reprise, et pour diverses raisons"},"content":{"rendered":"<p>Ils sont environ une dizaines \u00e0 ne pas se pr\u00e9senter ce mercredi 6 ao\u00fbt pour le retour aux entra\u00eenements de l&rsquo;UBB. Les vice-champions de France en titre n&rsquo;ont pas pu compter sur tous leurs cadres. Entre blessures et repos, ceux-ci sont indisponibles pour bien de raisons importantes.<\/p>\n<p>\u00a0<\/p>\n<p>Il n&rsquo;y a qu&rsquo;un seul cas de blessure. Matthieu Jalibert est en phase de reprise. Celui-ci avait subi une blessure au niveau du tendon rotulien il y a quelques semaines. Son retour est toujours attendu. Le Sud-africain Jean-Luc Du Preez et le Tongien Ben Tameifuna sont quant \u00e0 eux avec leurs s\u00e9lections nationales.<\/p>\n<p>\u00a0<\/p>\n<p>Plusieurs sont encore en vacances<\/p>\n<p>\u00a0<\/p>\n<p>Dans le lot des absents pour la reprise avec l&rsquo;UBB se trouvent beaucoup de vacanciers. Il s&rsquo;agit des joueurs convoqu\u00e9s avec le XV de France pour la tourn\u00e9e d&rsquo;\u00e9t\u00e9. Etant encore en activit\u00e9 depuis la fin de saison, leur temps de pause continue pour quelques jours. Ils sont Cameron Woki, Nicolas Depoortere, Pierre Bochaton, Bastien Vergnes-Taillefer et Ga\u00ebtan Barlot.<\/p>\n<p>\u00a0<\/p>\n<p>Pour rappel, l&rsquo;UBB est exactement un mois de son prochain match en Top 14. La comp\u00e9tition reprend le 6 septembre 2025 pour son grand retour. Et pour le coup, les Bordelais auront droit \u00e0 un gros choc contre La Rochelle.<\/p>\n<p>Partagez cette info avec vos amis et vos proches en cliquant ici<br \/>Pour r\u00e9sumer<\/p>\n<p>L\u2019UBB a repris l\u2019entra\u00eenement ce 6 ao\u00fbt avec une dizaine d\u2019absents. Entre vacances post-tourn\u00e9e, s\u00e9lection nationale et blessure (Jalibert), l\u2019effectif est r\u00e9duit. Le club pr\u00e9pare d\u00e9j\u00e0 le choc face \u00e0 La Rochelle pr\u00e9vu le 6 septembre.<\/p>\n<p> <img decoding=\"async\" width=\"76\" height=\"76\" loading=\"lazy\" src=\"https:\/\/www.europesays.com\/fr\/wp-content\/uploads\/2025\/04\/avatar-quinze.png\" alt=\"Voldi Fr\u00e9jus\u00a0Hounvio\"\/><\/p>\n","protected":false},"excerpt":{"rendered":"Ils sont environ une dizaines \u00e0 ne pas se pr\u00e9senter ce mercredi 6 ao\u00fbt pour le retour aux&hellip;\n","protected":false},"author":2,"featured_media":301275,"comment_status":"","ping_status":"","sticky":false,"template":"","format":"standard","meta":{"footnotes":""},"categories":[1416],"tags":[1011,27,479,1468,60],"class_list":{"0":"post-301274","1":"post","2":"type-post","3":"status-publish","4":"format-standard","5":"has-post-thumbnail","7":"category-rugby","8":"tag-fr","9":"tag-france","10":"tag-rugby","11":"tag-rugby-football","12":"tag-sports"},"share_on_mastodon":{"url":"https:\/\/pubeurope.com\/@fr\/114983935930434728","error":""},"_links":{"self":[{"href":"https:\/\/www.europesays.com\/fr\/wp-json\/wp\/v2\/posts\/301274","targetHints":{"allow":["GET"]}}],"collection":[{"href":"https:\/\/www.europesays.com\/fr\/wp-json\/wp\/v2\/posts"}],"about":[{"href":"https:\/\/www.europesays.com\/fr\/wp-json\/wp\/v2\/types\/post"}],"author":[{"embeddable":true,"href":"https:\/\/www.europesays.com\/fr\/wp-json\/wp\/v2\/users\/2"}],"replies":[{"embeddable":true,"href":"https:\/\/www.europesays.com\/fr\/wp-json\/wp\/v2\/comments?post=301274"}],"version-history":[{"count":0,"href":"https:\/\/www.europesays.com\/fr\/wp-json\/wp\/v2\/posts\/301274\/revisions"}],"wp:featuredmedia":[{"embeddable":true,"href":"https:\/\/www.europesays.com\/fr\/wp-json\/wp\/v2\/media\/301275"}],"wp:attachment":[{"href":"https:\/\/www.europesays.com\/fr\/wp-json\/wp\/v2\/media?parent=301274"}],"wp:term":[{"taxonomy":"category","embeddable":true,"href":"https:\/\/www.europesays.com\/fr\/wp-json\/wp\/v2\/categories?post=301274"},{"taxonomy":"post_tag","embeddable":true,"href":"https:\/\/www.europesays.com\/fr\/wp-json\/wp\/v2\/tags?post=301274"}],"curies":[{"name":"wp","href":"https:\/\/api.w.org\/{rel}","templated":true}]}}