{"id":301278,"date":"2025-08-06T21:28:15","date_gmt":"2025-08-06T21:28:15","guid":{"rendered":"https:\/\/www.europesays.com\/fr\/301278\/"},"modified":"2025-08-06T21:28:15","modified_gmt":"2025-08-06T21:28:15","slug":"le-prodige-de-la-moto3-qui-bouscule-les-codes-%f0%9f%8f%81","status":"publish","type":"post","link":"https:\/\/www.europesays.com\/fr\/301278\/","title":{"rendered":"Le prodige de la Moto3 qui bouscule les codes \ud83c\udfc1"},"content":{"rendered":"<p>\ud83d\ude80 Un d\u00e9but de saison digne d&rsquo;un conte de f\u00e9es pour Maximo Quiles<br \/>\n<img decoding=\"async\" src=\"https:\/\/www.europesays.com\/fr\/wp-content\/uploads\/2025\/08\/6893432e87cdc47a37b25732_GnG_1246394_HiRes.jpeg\" alt=\"Le prochain prodige du MotoGP \u2013 le pilote qui appelle Marc Marquez 'patron'\"\/><\/p>\n<p>La premi\u00e8re partie de la saison 2025 du championnat Moto3 a vu \u00e9merger un talent exceptionnel, Maximo Quiles, qui \u00e9crit d\u00e8s ses premiers coups de guidon un chapitre \u00e9tonnant de la comp\u00e9tition. \u00c0 seulement 17 ans, Quiles a remport\u00e9 le c\u0153ur des fans et l\u2019attention des paddocks, faisant preuve d\u2019une maturit\u00e9 et d\u2019une vitesse rare chez les nouveaux venus. Si le nom de <a href=\"https:\/\/www.hondafrance.com\/moto\" target=\"_blank\" rel=\"nofollow noopener\">Marc Marquez<\/a> reste synonyme de victoire en MotoGP, il trouve d\u00e9sormais un \u00e9cho inspirant dans la g\u00e9n\u00e9rosit\u00e9 et le mentorat qu\u2019il apporte \u00e0 la nouvelle g\u00e9n\u00e9ration, incarn\u00e9e par Quiles.<\/p>\n<p>Dans l\u2019ombre du g\u00e9ant catalan, Quiles trace sa propre voie : il explose les statistiques et multiplie les succ\u00e8s malgr\u00e9 une entr\u00e9e tardive dans la saison due au r\u00e8glement restrictif de Moto3 sur l\u2019\u00e2ge. D\u00e8s ses d\u00e9buts, le jeune espagnol montre qu\u2019il ne compte pas rester un simple espoir. Sa progression irr\u00e9sistible bouleverse la hi\u00e9rarchie et sugg\u00e8re un avenir radieux pour la moto sportive.<\/p>\n<p><img decoding=\"async\" src=\"https:\/\/www.europesays.com\/fr\/wp-content\/uploads\/2025\/08\/6893432f87cdc47a37b257e4_GnG_1248935_HiRes.jpeg\" alt=\"Le prochain prodige du MotoGP \u2013 le pilote qui appelle Marc Marquez 'patron'\"\/><br \/>\n\ud83d\udcc8 Des performances hallucinantes : Statistiques et records de Quiles<\/p>\n<p>Maximo Quiles affiche une r\u00e9gularit\u00e9 et une efficacit\u00e9 exceptionnelles : il s\u2019annonce comme un pr\u00e9tendant s\u00e9rieux au tr\u00f4ne Moto3 bien qu&rsquo;il n\u2019ait pas disput\u00e9 l\u2019int\u00e9gralit\u00e9 du championnat d\u00e8s le d\u00e9part. Apr\u00e8s avoir sign\u00e9 une premi\u00e8re pole \u00e0 <strong>Le Mans<\/strong> puis une premi\u00e8re victoire \u00e0 <strong>Mugello<\/strong>, Quiles encha\u00eene les podiums et pulv\u00e9rise les records statistiques pour un rookie en cat\u00e9gorie Moto3.<\/p>\n<p>Ses parcours pr\u00e9c\u00e9dents ont d\u00e9j\u00e0 laiss\u00e9 pr\u00e9sager une \u00e9tincelle rare : double champion de la European Talent Cup, vainqueur dans la <a href=\"https:\/\/www.redbull.com\/fr-fr\/events\/rookiescup\" target=\"_blank\" rel=\"nofollow noopener\">Red Bull Rookies Cup<\/a> sur ce qui s\u2019apparente \u00e0 la machine Moto3, Quiles jongle avec la pression et les attentes comme les plus chevronn\u00e9s. Malgr\u00e9 quelques absences dues \u00e0 une blessure \u00e0 l\u2019entra\u00eenement, il retourne sur les pistes plus fort que jamais, comme l\u2019atteste sa position en premi\u00e8re ligne lors de la course au Texas. Depuis, Quiles maintient un niveau \u00e9poustouflant, d\u00e9fiant la r\u00e9gularit\u00e9 et l\u2019exp\u00e9rience de ses concurrents.<\/p>\n<p><img decoding=\"async\" src=\"https:\/\/www.europesays.com\/fr\/wp-content\/uploads\/2025\/08\/6893432f87cdc47a37b257d5_GnG_1216970_HiRes.jpeg\" alt=\"Le prochain prodige du MotoGP \u2013 le pilote qui appelle Marc Marquez 'patron'\"\/><\/p>\n<p>En sept courses, il accumule d\u00e9j\u00e0 126 points, un score rarement atteint aussi rapidement par les meilleurs pilotes du pass\u00e9. \u00c0 titre de comparaison, des l\u00e9gendes telles que Pedro Acosta ou Maverick Vinales n\u2019avaient pas fait aussi bien aussi t\u00f4t dans leur carri\u00e8re. Quiles s\u2019impose \u00e9galement lors des qualifications, affichant une moyenne de 4,5 lors de ses huit premi\u00e8res apparitions, surclassant plusieurs pilotes actuels de MotoGP lorsqu\u2019ils \u00e9voluaient en Moto3 :<\/p>\n<p><strong>Premi\u00e8res huit courses Moto3\/125cc \u2013 Moyenne de qualification<br \/>Pilotes actuels de MotoGP vs Maximo Quiles<\/strong><\/p>\n<p><strong>Morbidelli\/Aldeguer\/Marini\/Chantra<\/strong> \u2013 N\/A<br \/><strong>Marco Bezzecchi<\/strong> \u2013 27,1<br \/><strong>Pecco Bagnaia<\/strong> \u2013 26,9<br \/><strong>Jack Miller<\/strong> \u2013 22,5<br \/><strong>Fabio Di Giannantonio<\/strong> \u2013 21,9<br \/><strong>Raul Fernandez<\/strong> \u2013 21,3<br \/><strong>Jorge Martin<\/strong> \u2013 19,8<br \/><strong>Ai Ogura<\/strong> \u2013 19,3<br \/><strong>Johann Zarco<\/strong> \u2013 19,1<br \/><strong>Marc Marquez<\/strong> \u2013 18,6<br \/><strong>Brad Binder<\/strong> \u2013 18,0<br \/><strong>Moyenne grille<\/strong> \u2013 17,6<br \/><strong>Alex Marquez<\/strong> \u2013 17,5<br \/><strong>Alex Rins<\/strong> \u2013 16,4<br \/><strong>Joan Mir<\/strong> \u2013 14,6<br \/><strong>Enea Bastianini<\/strong> \u2013 14,6<br \/><strong>Pedro Acosta<\/strong> \u2013 14,5<br \/><strong>Miguel Oliveira<\/strong> \u2013 11,1<br \/><strong>Fabio Quartararo<\/strong> \u2013 7,0<br \/><strong>Maverick Vinales<\/strong> \u2013 5,9<br \/><strong>Maximo Quiles<\/strong> \u2013 4,5<\/p>\n<p><img decoding=\"async\" src=\"https:\/\/www.europesays.com\/fr\/wp-content\/uploads\/2025\/08\/6893432f87cdc47a37b257e7_GnG_1238478_HiRes.jpeg\" alt=\"Le prochain prodige du MotoGP \u2013 le pilote qui appelle Marc Marquez 'patron'\"\/><\/p>\n<p>Quiles b\u00e9n\u00e9ficie certes d\u2019un cadre performant chez <a href=\"https:\/\/www.teamaspar.com\/fr\/\" target=\"_blank\" rel=\"nofollow noopener\">Aspar<\/a>, mais il surpasse aussi son co\u00e9quipier Dennis Foggia, autrefois pr\u00e9tendant au titre et consid\u00e9r\u00e9 comme une r\u00e9f\u00e9rence. Cette comparaison interne met en valeur l\u2019\u00e9clat du rookie et laisse pr\u00e9sager qu\u2019il visera toujours plus haut.<\/p>\n<p>\ud83d\udd25 Les grandes \u00e9tapes : Maturit\u00e9 et \u00e9volution d\u2019un jeune ph\u00e9nom\u00e8ne<br \/>\n<img decoding=\"async\" src=\"https:\/\/www.europesays.com\/fr\/wp-content\/uploads\/2025\/08\/6893432f87cdc47a37b257d8_GnG_1248952_HiRes.jpeg\" alt=\"Le prochain prodige du MotoGP \u2013 le pilote qui appelle Marc Marquez 'patron'\"\/><\/p>\n<p>Malgr\u00e9 un d\u00e9but couronn\u00e9 de succ\u00e8s, Maximo Quiles a \u00e9galement montr\u00e9 sa capacit\u00e9 \u00e0 apprendre de ses erreurs. Lors de la saison pr\u00e9c\u00e9dente, il s&rsquo;\u00e9tait retrouv\u00e9 au centre d\u2019une vive pol\u00e9mique en Red Bull Rookies Cup apr\u00e8s avoir commis une manoeuvre dangereuse qui lui valut une suspension. Interrog\u00e9 sur cet \u00e9pisode, Quiles assume pleinement son \u00e9volution : \u00ab J\u2019\u00e9tais encore tr\u00e8s jeune, j\u2019avais tout \u00e0 apprendre. Aujourd\u2019hui, je pense \u00eatre beaucoup plus mature et j\u2019ai retenu la le\u00e7on de mes erreurs \u00bb.<\/p>\n<p>En Moto3, sa fougue ne l\u2019emp\u00eache pas de faire preuve de discernement en piste. M\u00eame si certaines s\u00e9quences r\u00e9v\u00e8lent encore un temp\u00e9rament audacieux, il garde la t\u00eate froide dans les moments cl\u00e9s, preuve ind\u00e9niable de son intelligence de course. Accompagn\u00e9 par l\u2019encadrement de Marc et Alex Marquez, ainsi que leur manager Jaime Martinez, le jeune pilote b\u00e9n\u00e9ficie d\u2019un accompagnement de grande qualit\u00e9, lui permettant de canaliser son talent et franchir les niveaux sans br\u00fbler les \u00e9tapes.<\/p>\n<p><img decoding=\"async\" src=\"https:\/\/www.europesays.com\/fr\/wp-content\/uploads\/2025\/08\/6893432f87cdc47a37b257ce_GnG_1248969_HiRes.jpeg\" alt=\"Le prochain prodige du MotoGP \u2013 le pilote qui appelle Marc Marquez 'patron'\"\/><\/p>\n<p>La progression de Quiles est particuli\u00e8rement remarquable lorsqu\u2019on la compare aux autres stars pass\u00e9es par la Moto3. Apr\u00e8s huit manches seulement, il se retrouve dans le cercle restreint des pilotes ayant marqu\u00e9 plus de 126 points \u00e0 ce stade, aux c\u00f4t\u00e9s d\u2019ic\u00f4nes comme Sandro Cortese, Luis Salom, Danny Kent, Brad Binder, Joan Mir, Pedro Acosta ou David Alonso.<\/p>\n<p><strong>Pilotes Moto3 qui ont marqu\u00e9 126 points ou plus apr\u00e8s huit manches<\/strong><\/p>\n<p>2012 : Sandro Cortese, Maverick Vinales<br \/>2013 : Luis Salom, Maverick Vinales, Alex Rins<br \/>2015 : Danny Kent<br \/>2016 : Brad Binder<br \/>2017 : Joan Mir<br \/>2021 : Pedro Acosta<br \/>2022 : Sergio Garcia<br \/>2024 : David Alonso<br \/>2025 : Jose Antonio Rueda<\/p>\n<p>\ud83e\udde0 G\u00e9rer la pression et l\u2019environnement des jeunes champions<br \/>\n<img decoding=\"async\" src=\"https:\/\/www.europesays.com\/fr\/wp-content\/uploads\/2025\/08\/6893432f87cdc47a37b257db_GnG_1243864_HiRes.jpeg\" alt=\"Le prochain prodige du MotoGP \u2013 le pilote qui appelle Marc Marquez 'patron'\"\/><\/p>\n<p>La mont\u00e9e en puissance de Maximo Quiles ne tient pas seulement \u00e0 ses prouesses techniques. La gestion mentale et la capacit\u00e9 \u00e0 encaisser la pression m\u00e9diatique et sportive demeurent primordiales pour r\u00e9ussir dans l\u2019\u00e9lite de la moto. Le pilote espagnol en est bien conscient : il a su s\u2019entourer d\u2019un cocon familial solide, et b\u00e9n\u00e9ficie d\u2019un mentorat efficace pour naviguer dans l\u2019univers parfois impitoyable des r\u00e9seaux sociaux et des critiques.<\/p>\n<p>Marc Marquez r\u00e9sume bien l\u2019importance de garder la t\u00eate froide : \u00ab Maximo est arriv\u00e9 dans le championnat avec une \u00e9nergie tr\u00e8s positive, une mentalit\u00e9 saine \u2013 c\u2019est essentiel lorsqu\u2019on est jeune. Mais il doit savoir garder les pieds sur terre et apprendre \u00e0 g\u00e9rer aussi bien les moments de gloire que les p\u00e9riodes plus difficiles \u00bb.<\/p>\n<p>Des exemples de carri\u00e8res pr\u00e9coces suivies de phases de doute ne manquent pas dans le paddock MotoGP. Fabio Quartararo ou Nicolo Bulega, pass\u00e9s par des moments compliqu\u00e9s apr\u00e8s des d\u00e9buts prometteurs, montrent qu\u2019il n\u2019y a pas de parcours lin\u00e9aire vers le sommet. Mais avec la maturit\u00e9 grandissante de Quiles, tout laisse \u00e0 penser qu\u2019il saura franchir les obstacles propres \u00e0 la comp\u00e9tition de haut niveau.<\/p>\n<p>\ud83c\udf1f Un nouvel espoir pour la MotoGP \u2013 Quel avenir pour Maximo Quiles ?<\/p>\n<p>Chaque g\u00e9n\u00e9ration voit \u00e9merger un prodige qui redistribue les cartes et insuffle une nouvelle dynamique au paddock. Maximo Quiles incarne assur\u00e9ment cette g\u00e9n\u00e9ration pr\u00eat \u00e0 relever tous les d\u00e9fis. En Moto3, il d\u00e9montre non seulement sa rapidit\u00e9 ph\u00e9nom\u00e9nale en piste, mais aussi son intelligence de course, son adaptabilit\u00e9 et son humilit\u00e9 face \u00e0 la difficult\u00e9.<\/p>\n<p>La suite de la saison s\u2019annonce palpitante : les attentes sont immenses, mais le jeune espagnol dispose d\u00e9sormais de toutes les armes pour fa\u00e7onner une trajectoire exceptionnelle. Son ancrage dans la structure de Vertical Management et l\u2019accompagnement par les fr\u00e8res Marquez laissent pr\u00e9sager une \u00e9volution sereine et efficace, loin des \u00e9cueils qui peuvent faire d\u00e9railler certains talents pr\u00e9coces.<\/p>\n<p>Plus qu\u2019un simple \u00e9l\u00e8ve ou un h\u00e9ritier, Quiles s\u2019impose comme une personnalit\u00e9 \u00e0 part enti\u00e8re, capable de marquer \u00e0 son tour l\u2019histoire du sport moto. Son parcours inspire d\u00e9j\u00e0 toute une g\u00e9n\u00e9ration de jeunes pilotes r\u00eavant de gravir les \u00e9chelons et d\u2019inscrire leur nom au panth\u00e9on du MotoGP.<\/p>\n<p><img decoding=\"async\" src=\"https:\/\/www.europesays.com\/fr\/wp-content\/uploads\/2025\/08\/6893432f87cdc47a37b257db_GnG_1243864_HiRes.jpeg\" alt=\"Le prochain prodige du MotoGP \u2013 le pilote qui appelle Marc Marquez 'patron'\"\/><\/p>\n<p>Au final, l\u2019ascension de Maximo Quiles ne doit rien au hasard, et rappelle que rien n\u2019est impossible \u00e0 qui conjugue, comme lui, talent, volont\u00e9 et soutien bienveillant. Son aventure n\u2019en est qu\u2019\u00e0 ses pr\u00e9mices \u2013 mais tout porte \u00e0 croire que chaque tour de roue le rapproche un peu plus du sommet. \ud83c\udfc6 \ud83d\udea6<\/p>\n<p>\u00c0 l\u2019image de Quiles qui poursuit ses r\u00eaves sportifs, pourquoi ne pas envisager le v\u00f4tre au volant d\u2019une <a href=\"https:\/\/www.ferrari.com\/fr-FR\/auto\/488-gtb\" target=\"_blank\" rel=\"nofollow noopener\">Ferrari 488 GTB<\/a>\u202f? Le d\u00e9p\u00f4t-vente automobile s\u2019ouvre aussi \u00e0 vous gr\u00e2ce \u00e0 <a href=\"https:\/\/www.joinsteer.com\" target=\"_blank\" rel=\"nofollow noopener\">Joinsteer<\/a>, partenaire de vos plus belles ambitions sur route.<\/p>\n","protected":false},"excerpt":{"rendered":"\ud83d\ude80 Un d\u00e9but de saison digne d&rsquo;un conte de f\u00e9es pour Maximo Quiles La premi\u00e8re partie de la&hellip;\n","protected":false},"author":2,"featured_media":301279,"comment_status":"","ping_status":"","sticky":false,"template":"","format":"standard","meta":{"footnotes":""},"categories":[1413],"tags":[1011,27,1457,1456,60],"class_list":{"0":"post-301278","1":"post","2":"type-post","3":"status-publish","4":"format-standard","5":"has-post-thumbnail","7":"category-moto","8":"tag-fr","9":"tag-france","10":"tag-moto","11":"tag-motocycle","12":"tag-sports"},"share_on_mastodon":{"url":"https:\/\/pubeurope.com\/@fr\/114983948230251304","error":""},"_links":{"self":[{"href":"https:\/\/www.europesays.com\/fr\/wp-json\/wp\/v2\/posts\/301278","targetHints":{"allow":["GET"]}}],"collection":[{"href":"https:\/\/www.europesays.com\/fr\/wp-json\/wp\/v2\/posts"}],"about":[{"href":"https:\/\/www.europesays.com\/fr\/wp-json\/wp\/v2\/types\/post"}],"author":[{"embeddable":true,"href":"https:\/\/www.europesays.com\/fr\/wp-json\/wp\/v2\/users\/2"}],"replies":[{"embeddable":true,"href":"https:\/\/www.europesays.com\/fr\/wp-json\/wp\/v2\/comments?post=301278"}],"version-history":[{"count":0,"href":"https:\/\/www.europesays.com\/fr\/wp-json\/wp\/v2\/posts\/301278\/revisions"}],"wp:featuredmedia":[{"embeddable":true,"href":"https:\/\/www.europesays.com\/fr\/wp-json\/wp\/v2\/media\/301279"}],"wp:attachment":[{"href":"https:\/\/www.europesays.com\/fr\/wp-json\/wp\/v2\/media?parent=301278"}],"wp:term":[{"taxonomy":"category","embeddable":true,"href":"https:\/\/www.europesays.com\/fr\/wp-json\/wp\/v2\/categories?post=301278"},{"taxonomy":"post_tag","embeddable":true,"href":"https:\/\/www.europesays.com\/fr\/wp-json\/wp\/v2\/tags?post=301278"}],"curies":[{"name":"wp","href":"https:\/\/api.w.org\/{rel}","templated":true}]}}