{"id":301286,"date":"2025-08-06T21:32:11","date_gmt":"2025-08-06T21:32:11","guid":{"rendered":"https:\/\/www.europesays.com\/fr\/301286\/"},"modified":"2025-08-06T21:32:11","modified_gmt":"2025-08-06T21:32:11","slug":"philippe-etchebest-un-nouveau-bebe-avec-dominique","status":"publish","type":"post","link":"https:\/\/www.europesays.com\/fr\/301286\/","title":{"rendered":"Philippe Etchebest : un nouveau b\u00e9b\u00e9 avec Dominique"},"content":{"rendered":"<p>      R\u00e9sum\u00e9<\/p>\n<p>Philippe Etchebest et sa femme Dominique pr\u00e9parent l\u2019ouverture de leur nouveau restaurant \u00ab\u00a0Le Classique\u00a0\u00bb cet automne, proposant des plats traditionnels revisit\u00e9s avec passion.<\/p>\n<p>        Sommaire<\/p>\n<p>Comment parvient-il \u00e0 trouver autant de temps pour se consacrer \u00e0 autant de projets ? Ce mercredi 6 ao\u00fbt 2025, <a href=\"https:\/\/vsd.fr\/tag\/philippe-etchebest\/\" target=\"_blank\" rel=\"noopener\">Philippe Etchebest<\/a> a pris la parole sur son compte Instagram pour annoncer une grande nouvelle. <a href=\"https:\/\/www.public.fr\/ils-nont-que-vous-ne-les-abandonnez-pas-philippe-etchebest-et-sa-femme-dominique-leur-appel-a-laide-sur-instagram\" target=\"_blank\" rel=\"noopener\">Avec sa femme Dominique<\/a>, il s\u2019appr\u00eate \u00e0 <strong>se lancer dans un nouveau projet.\u00a0<\/strong><\/p>\n<p>Un de plus ! Car depuis plusieurs ann\u00e9es, <a href=\"https:\/\/www.public.fr\/philippe-etchebest-le-celebre-chef-decroche-un-role-dans-une-serie\" target=\"_blank\" rel=\"noopener\">l\u2019ancien rugbyman devenu chef<\/a> ne ch\u00f4me pas. En plus de ses restaurants, celui qui est aussi musicien officie en tant qu\u2019animateur dans de nombreux programmes culinaires de M6.<\/p>\n<p>Philippe Etchebest, le couteau suisse<\/p>\n<p>Les t\u00e9l\u00e9spectateurs de la Six peuvent par exemple le retrouver dans <strong>\u00ab\u00a0Top Chef\u00a0\u00bb<\/strong> depuis plusieurs saisons. Mais aussi, \u00e9galement depuis de nombreuses ann\u00e9es, <a href=\"https:\/\/www.public.fr\/cest-lamentable-philippe-etchebest-retourne-voir-un-restaurateur-aide-par-son-emission-et-fait-une-decouverte-degueulasse\" target=\"_blank\" rel=\"noopener\">dans <strong>\u00ab\u00a0Cauchemar en cuisine\u00a0\u00bb<\/strong>.<\/a> Un programme qui cartonne toujours autant dans lequel le chef vient en aide \u00e0 des restaurateurs dans des situations tr\u00e8s compliqu\u00e9es, autant \u00e9conomiquement que sur la fa\u00e7on de g\u00e9rer leur \u00e9tablissement.<\/p>\n<p>En plus d\u2019\u00eatre animateur, musicien, et g\u00e9rant de ses \u00e9tablissements, Philippe Etchebest parvient tout de m\u00eame \u00e0 <strong>trouver le temps de se lancer dans de nouveaux projets.<\/strong> La preuve, avec sa grande annonce sur son compte Instagram ce mercredi 6 ao\u00fbt 2025.<\/p>\n<p>Un nouveau projet \u00e0 venir pour le chef, avec sa femme Dominique<\/p>\n<p>Le chef r\u00e9v\u00e8le qu\u2019il va lancer <strong>un projet en commun avec sa femme Dominique<\/strong>. Pour annoncer la nouvelle, il a publi\u00e9 une vid\u00e9o dans laquelle il appara\u00eet sur le seuil d\u2019un \u00e9tablissement. \u00ab\u00a0Que faisons-nous ici ?\u00a0\u00bb, lui demande la personne derri\u00e8re la cam\u00e9ra.<\/p>\n<p>L\u2019occasion pour Philippe Etchebest d\u2019annoncer : \u00ab\u00a0Eh bien avec Dominique, on avait envie de cr\u00e9er <strong>un lieu qui rassemble tout ce qu\u2019on aime dans la restauration<\/strong>. On avait envie de remonter le temps. Et ce sera une vraie \u00e9quipe de passionn\u00e9s qui sera aux commandes\u00a0\u00bb.<\/p>\n<p>Du c\u00f4t\u00e9 de la l\u00e9gende accompagnant sa publication, le chef se montre encore plus pr\u00e9cis. \u00ab\u00a0Nouveau projet !! Avec Dominique, on est en train de cr\u00e9er quelque chose de diff\u00e9rent (\u2026) Les classiques de la gastronomie fran\u00e7aise : <strong>du canard \u00e0 l\u2019orange entier cuit sur le coffre d\u00e9coup\u00e9 en salle<\/strong>, les cr\u00eapes Suzettes flamb\u00e9es en salle, la soupe en cro\u00fbte de feuilletage, le bon gratin de macaroni\u00a0\u00bb, r\u00e9v\u00e8le-t-il au sujet des plats que les clients pourront d\u00e9guster.<\/p>\n<p>Et comme une bonne nouvelle n\u2019arrive jamais seule, Philippe Etchebest a m\u00eame annonc\u00e9 la date d\u2019ouverture de son nouveau restaurant. Celui-ci se nommera Le Classique et <strong>va ouvrir \u00e0 partir de l\u2019automne prochain.\u00a0<\/strong><\/p>\n<p>      Mentionn\u00e9s dans cet article<\/p>\n<p>      Sur le m\u00eame sujet<\/p>\n","protected":false},"excerpt":{"rendered":"R\u00e9sum\u00e9 Philippe Etchebest et sa femme Dominique pr\u00e9parent l\u2019ouverture de leur nouveau restaurant \u00ab\u00a0Le Classique\u00a0\u00bb cet automne, proposant&hellip;\n","protected":false},"author":2,"featured_media":301287,"comment_status":"","ping_status":"","sticky":false,"template":"","format":"standard","meta":{"footnotes":""},"categories":[1359],"tags":[10976,58,59,1011,27,494,973,5387,492],"class_list":{"0":"post-301286","1":"post","2":"type-post","3":"status-publish","4":"format-standard","5":"has-post-thumbnail","7":"category-people","8":"tag-cauchemar-en-cuisine","9":"tag-divertissement","10":"tag-entertainment","11":"tag-fr","12":"tag-france","13":"tag-m6","14":"tag-people","15":"tag-philippe-etchebest","16":"tag-top-chef"},"share_on_mastodon":{"url":"https:\/\/pubeurope.com\/@fr\/114983963424698794","error":""},"_links":{"self":[{"href":"https:\/\/www.europesays.com\/fr\/wp-json\/wp\/v2\/posts\/301286","targetHints":{"allow":["GET"]}}],"collection":[{"href":"https:\/\/www.europesays.com\/fr\/wp-json\/wp\/v2\/posts"}],"about":[{"href":"https:\/\/www.europesays.com\/fr\/wp-json\/wp\/v2\/types\/post"}],"author":[{"embeddable":true,"href":"https:\/\/www.europesays.com\/fr\/wp-json\/wp\/v2\/users\/2"}],"replies":[{"embeddable":true,"href":"https:\/\/www.europesays.com\/fr\/wp-json\/wp\/v2\/comments?post=301286"}],"version-history":[{"count":0,"href":"https:\/\/www.europesays.com\/fr\/wp-json\/wp\/v2\/posts\/301286\/revisions"}],"wp:featuredmedia":[{"embeddable":true,"href":"https:\/\/www.europesays.com\/fr\/wp-json\/wp\/v2\/media\/301287"}],"wp:attachment":[{"href":"https:\/\/www.europesays.com\/fr\/wp-json\/wp\/v2\/media?parent=301286"}],"wp:term":[{"taxonomy":"category","embeddable":true,"href":"https:\/\/www.europesays.com\/fr\/wp-json\/wp\/v2\/categories?post=301286"},{"taxonomy":"post_tag","embeddable":true,"href":"https:\/\/www.europesays.com\/fr\/wp-json\/wp\/v2\/tags?post=301286"}],"curies":[{"name":"wp","href":"https:\/\/api.w.org\/{rel}","templated":true}]}}