{"id":301290,"date":"2025-08-06T21:34:11","date_gmt":"2025-08-06T21:34:11","guid":{"rendered":"https:\/\/www.europesays.com\/fr\/301290\/"},"modified":"2025-08-06T21:34:11","modified_gmt":"2025-08-06T21:34:11","slug":"naucelle-le-salon-du-livre-a-tourne-sa-derniere-page","status":"publish","type":"post","link":"https:\/\/www.europesays.com\/fr\/301290\/","title":{"rendered":"Naucelle. Le Salon du livre a tourn\u00e9 sa derni\u00e8re page"},"content":{"rendered":"<p>Pour cette \u00e9dition 2025 du Salon du livre, le comit\u00e9 d\u2019animation a choisi d\u2019installer les artistes dans la salle \u00ab\u00a0bleu\u00a0\u00bb du complexe intercommunal naucellois. Cette installation a n\u00e9cessit\u00e9 la mobilisation des b\u00e9n\u00e9voles, des employ\u00e9s communaux et de la municipalit\u00e9. Une soixantaine d\u2019\u00e9crivains et d\u2019\u00e9diteurs, dont Laurent Tranier des \u00c9ditions Toute Latitude, ont expos\u00e9 leurs plus beaux ouvrages sur les tables. Parmi les auteurs connus figuraient Max Assi\u00e9, Simon Worou, Christian Font et Pierre Carayon. Gilbert Regourd, pr\u00e9sident du Carto Club 12, a pr\u00e9sent\u00e9 tous les bulletins \u00e9dit\u00e9s, au nombre de 18, \u00e0 c\u00f4t\u00e9 de son coll\u00e8gue tarnais. Sur les murs, les spectateurs pouvaient admirer des panneaux de photos de Patrice G\u00e9niez et d\u2019Andr\u00e9 Bec, notamment sur le Viaduc de Paul Bodin. Des tableaux de Marie Annick Perrin et Miryam Malaterre attiraient \u00e9galement l\u2019attention, tout comme le stand d\u2019objets miniatures et les graveurs sur bois. L\u00e9o Savy proposait une exposition intitul\u00e9e \u00ab\u00a0Naucelle et ses foires (XVe et XXe si\u00e8cle)\u00a0\u00bb tandis qu\u2019Andr\u00e9 Bec pr\u00e9sentait \u00ab\u00a0Le Viaduc du Viaur : de la r\u00e9alit\u00e9 au r\u00eave\u00a0\u00bb, un ouvrage tr\u00e8s complet regroupant plus d\u2019une centaine de photos du Viaduc. La derni\u00e8re page, enrichie de QR Codes, donnait acc\u00e8s \u00e0 une s\u00e9rie de 20 films, un recueil d\u2019archives indispensable pour les passionn\u00e9s d\u2019histoire locale. Les b\u00e9n\u00e9voles du comit\u00e9 ont \u00e9galement soign\u00e9 l\u2019accueil des exposants en leur proposant un repas de f\u00eate : poisson, daube de cerf, truffade, trois desserts au choix, glace, ainsi qu\u2019un interm\u00e8de musical improvis\u00e9<\/p>\n","protected":false},"excerpt":{"rendered":"Pour cette \u00e9dition 2025 du Salon du livre, le comit\u00e9 d\u2019animation a choisi d\u2019installer les artistes dans la&hellip;\n","protected":false},"author":2,"featured_media":301291,"comment_status":"","ping_status":"","sticky":false,"template":"","format":"standard","meta":{"footnotes":""},"categories":[1357],"tags":[1379,58,59,1011,27,1380],"class_list":{"0":"post-301290","1":"post","2":"type-post","3":"status-publish","4":"format-standard","5":"has-post-thumbnail","7":"category-livres","8":"tag-books","9":"tag-divertissement","10":"tag-entertainment","11":"tag-fr","12":"tag-france","13":"tag-livres"},"share_on_mastodon":{"url":"https:\/\/pubeurope.com\/@fr\/114983971335679065","error":""},"_links":{"self":[{"href":"https:\/\/www.europesays.com\/fr\/wp-json\/wp\/v2\/posts\/301290","targetHints":{"allow":["GET"]}}],"collection":[{"href":"https:\/\/www.europesays.com\/fr\/wp-json\/wp\/v2\/posts"}],"about":[{"href":"https:\/\/www.europesays.com\/fr\/wp-json\/wp\/v2\/types\/post"}],"author":[{"embeddable":true,"href":"https:\/\/www.europesays.com\/fr\/wp-json\/wp\/v2\/users\/2"}],"replies":[{"embeddable":true,"href":"https:\/\/www.europesays.com\/fr\/wp-json\/wp\/v2\/comments?post=301290"}],"version-history":[{"count":0,"href":"https:\/\/www.europesays.com\/fr\/wp-json\/wp\/v2\/posts\/301290\/revisions"}],"wp:featuredmedia":[{"embeddable":true,"href":"https:\/\/www.europesays.com\/fr\/wp-json\/wp\/v2\/media\/301291"}],"wp:attachment":[{"href":"https:\/\/www.europesays.com\/fr\/wp-json\/wp\/v2\/media?parent=301290"}],"wp:term":[{"taxonomy":"category","embeddable":true,"href":"https:\/\/www.europesays.com\/fr\/wp-json\/wp\/v2\/categories?post=301290"},{"taxonomy":"post_tag","embeddable":true,"href":"https:\/\/www.europesays.com\/fr\/wp-json\/wp\/v2\/tags?post=301290"}],"curies":[{"name":"wp","href":"https:\/\/api.w.org\/{rel}","templated":true}]}}